{"id":7200,"date":"2026-09-03T00:06:13","date_gmt":"2026-09-02T21:06:13","guid":{"rendered":"https:\/\/www.imece-der.com\/?p=7200"},"modified":"2026-09-03T00:42:01","modified_gmt":"2026-09-02T21:42:01","slug":"ali-aydin-davasinda-fail-belli-kolayciligi-seytan-ayrintida-hakikat-delillerin-arasinda","status":"publish","type":"post","link":"https:\/\/www.imece-der.com\/?p=7200","title":{"rendered":"Ali Ayd\u0131n davas\u0131nda \u201cfail belli\u201d kolayc\u0131l\u0131\u011f\u0131: \u015eeytan ayr\u0131nt\u0131da, hakikat delillerin aras\u0131nda.."},"content":{"rendered":"<p><a href=\"https:\/\/www.imece-der.com\/wp-content\/uploads\/2026\/09\/ali-aydin--e1788383147323.jpeg\"><img decoding=\"async\" loading=\"lazy\" class=\"aligncenter size-full wp-image-7201\" src=\"https:\/\/www.imece-der.com\/wp-content\/uploads\/2026\/09\/ali-aydin--e1788383147323.jpeg\" alt=\"\" width=\"1024\" height=\"768\" srcset=\"https:\/\/www.imece-der.com\/wp-content\/uploads\/2026\/09\/ali-aydin--e1788383147323.jpeg 1024w, https:\/\/www.imece-der.com\/wp-content\/uploads\/2026\/09\/ali-aydin--e1788383147323-300x225.jpeg 300w, https:\/\/www.imece-der.com\/wp-content\/uploads\/2026\/09\/ali-aydin--e1788383147323-768x576.jpeg 768w\" sizes=\"(max-width: 1024px) 100vw, 1024px\" \/><\/a><\/p>\n<p><strong>\u00a0<\/strong>13 Ocak 2026 Tarihinde \u0130zmir-\u00c7i\u011fli il\u00e7esi Evka2 civar\u0131nda tepelik y\u00fcr\u00fcy\u00fc\u015f alan\u0131nda vah\u015fice katledilen e\u011fitimci-avukat-insan haklar\u0131 savunucusu, ge\u00e7en d\u00f6nem \u0130HD \u0130zmir \u015eubesi e\u015f eski ba\u015fkan\u0131 Ali Ayd\u0131n cinayeti davas\u0131n\u0131n ilk duru\u015fmas\u0131na \u0130mece Dostluk Dayan\u0131\u015fma Derne\u011fi olarak kat\u0131larak izledik.<\/p>\n<p>Avukat ve insan haklar\u0131 savunucusu Ali Ayd\u0131n\u2019\u0131n \u00f6ld\u00fcr\u00fclmesine ili\u015fkin davan\u0131n ilk duru\u015fmas\u0131, yaln\u0131zca san\u0131\u011f\u0131n de\u011fil, soru\u015fturman\u0131n kendisinin de tart\u0131\u015f\u0131ld\u0131\u011f\u0131 bir tablo ortaya koydu. Eksik incelemeler, tart\u0131\u015fmal\u0131 delil toplama i\u015flemleri, tan\u0131klar\u0131n birbirlerinin ifadelerini \u00f6\u011frenmesi, on binlerce sayfal\u0131k HTS kay\u0131tlar\u0131 ve ara\u015ft\u0131r\u0131lmay\u0131 bekleyen olas\u0131 ba\u011flant\u0131lar, dosyan\u0131n \u201cfail belli\u201d denilerek kapat\u0131labilecek kadar basit olmad\u0131\u011f\u0131n\u0131 g\u00f6steriyor.<\/p>\n<p>\u0130nsan haklar\u0131 savunucusu ve avukat Ali Ayd\u0131n\u2019\u0131n \u00f6ld\u00fcr\u00fclmesine ili\u015fkin davan\u0131n ilk duru\u015fmas\u0131 Kar\u015f\u0131yaka 1. A\u011f\u0131r Ceza Mahkemesi\u2019nde g\u00f6r\u00fcld\u00fc. Duru\u015fmada bir yandan san\u0131\u011f\u0131n \u00e7eli\u015fkili ifadeleri, di\u011fer yandan soru\u015fturman\u0131n ba\u015flang\u0131c\u0131ndan itibaren yap\u0131lan i\u015flemlere ili\u015fkin ciddi ele\u015ftiriler g\u00fcndeme geldi.<\/p>\n<p>Duru\u015fman\u0131n en dikkat \u00e7ekici ba\u015fl\u0131klar\u0131ndan biri, T\u00fcrkiye Barolar Birli\u011fi, \u0130zmir, Gaziantep, Kocaeli ve Yalova Barolar\u0131 ile \u0130HD, \u00d6HD ve \u00c7HD\u2019nin davaya kat\u0131lma talepleriydi.<\/p>\n<p>Mahkeme, \u0130zmir Barosu\u2019nun kat\u0131lma talebini kabul ederken di\u011fer barolar ile insan haklar\u0131 ve hukuk \u00f6rg\u00fctlerinin taleplerini, su\u00e7tan do\u011frudan zarar g\u00f6rmedikleri gerek\u00e7esiyle reddetti.<\/p>\n<p>Oysa duru\u015fmada yap\u0131lan savunmalar, meselenin yaln\u0131zca hukuki bir kat\u0131lma talebinden ibaret olmad\u0131\u011f\u0131n\u0131 ortaya koydu.<\/p>\n<p>\u0130HD temsilcileri, Ali Ayd\u0131n\u2019\u0131n uzun y\u0131llard\u0131r insan haklar\u0131 m\u00fccadelesinin i\u00e7inde oldu\u011funu, \u00f6rg\u00fct\u00fcn farkl\u0131 kademelerinde g\u00f6rev yapt\u0131\u011f\u0131n\u0131 ve kimli\u011finin ya da y\u00fcr\u00fctt\u00fc\u011f\u00fc \u00e7al\u0131\u015fmalar\u0131n hedef al\u0131nm\u0131\u015f olabilece\u011fine ili\u015fkin emarelerin bulundu\u011funu belirtti. \u0130HD\u2019nin ge\u00e7mi\u015fte benzer bi\u00e7imde kaybetti\u011fi 24 \u00fcyesine dikkat \u00e7ekilerek, baz\u0131 dosyalarda faillerin dahi ortaya \u00e7\u0131kar\u0131lamad\u0131\u011f\u0131 hat\u0131rlat\u0131ld\u0131.<\/p>\n<p>\u00c7HD ve \u00d6HD temsilcileri de Ali Ayd\u0131n\u2019\u0131n yaln\u0131zca bir avukat olmad\u0131\u011f\u0131n\u0131; hak ve \u00f6zg\u00fcrl\u00fckler m\u00fccadelesinin i\u00e7erisinde yer alan, meslekta\u015flar\u0131yla birlikte y\u0131llarca m\u00fccadele eden bir insan haklar\u0131 savunucusu oldu\u011funu vurgulad\u0131.<\/p>\n<p>Bu nedenle davada yan\u0131tlanmas\u0131 gereken soru yaln\u0131zca \u201cTeti\u011fi kim \u00e7ekti?\u201d sorusu de\u011fildir.<\/p>\n<p>As\u0131l soru \u015fudur: Ali Ayd\u0131n neden hedef al\u0131nd\u0131?<\/p>\n<p>Ve bu sorunun yan\u0131t\u0131, cinayetin arkas\u0131ndaki b\u00fct\u00fcn ba\u011flant\u0131lar ara\u015ft\u0131r\u0131lmadan bulunabilir mi?<\/p>\n<p>San\u0131\u011f\u0131n ifadeleri: \u00c7eli\u015fki nerede ba\u015fl\u0131yor?<\/p>\n<p>Duru\u015fmada san\u0131\u011fa soru\u015fturma a\u015famas\u0131ndaki ifadeleri de soruldu.<\/p>\n<p>San\u0131\u011f\u0131n \u00f6nceki beyanlar\u0131nda su\u00e7lamay\u0131 kabul etti\u011fi, Ali Ayd\u0131n\u2019\u0131n \u00f6lece\u011fini bildi\u011fini ve kendisini bu olay\u0131n yaln\u0131zca \u201cvesilesi\u201d olarak tan\u0131mlad\u0131\u011f\u0131 y\u00f6n\u00fcndeki ifadeler g\u00fcndeme getirildi.<\/p>\n<p>San\u0131k ise mahkemede bu beyanlar\u0131ndan farkl\u0131 bir anlat\u0131m ortaya koydu; olay s\u0131ras\u0131nda akli durumunun yerinde olmad\u0131\u011f\u0131n\u0131 ve Ali Ayd\u0131n\u2019\u0131 tan\u0131mad\u0131\u011f\u0131n\u0131 s\u00f6yledi.<\/p>\n<p>Bu \u00e7eli\u015fki, dosyan\u0131n en \u00f6nemli ba\u015fl\u0131klar\u0131ndan biri olarak duruyor.<\/p>\n<p>TBB ad\u0131na konu\u015fan Av. Ber\u015fan Kay\u0131k\u00e7\u0131, maddi ger\u00e7e\u011fin ortaya \u00e7\u0131kar\u0131lmas\u0131 i\u00e7in soru\u015fturman\u0131n etkin bi\u00e7imde y\u00fcr\u00fct\u00fclmesi gerekti\u011fini, \u00f6zellikle olas\u0131 bir azmettirici ya da ba\u015fka bir ba\u011flant\u0131 ihtimalinin ayd\u0131nlat\u0131lmas\u0131 gerekti\u011fini ifade etti.<\/p>\n<p>\u00c7\u00fcnk\u00fc bir cinayet dosyas\u0131n\u0131 yaln\u0131zca san\u0131\u011f\u0131n kim oldu\u011fu \u00fczerinden okumak, cinayetin nedenini ve varsa arkas\u0131ndaki ili\u015fkileri ara\u015ft\u0131rmamak anlam\u0131na gelebilir.<\/p>\n<p>\u201cFail teslim edildi\u201d denilerek soru\u015fturma bitirilebilir mi?<\/p>\n<p>Kat\u0131lanlar vekili Av. Eylem Y\u0131ld\u0131z\u2019\u0131n duru\u015fmada yapt\u0131\u011f\u0131 de\u011ferlendirmeler, soru\u015fturman\u0131n ba\u015flang\u0131c\u0131na ili\u015fkin daha a\u011f\u0131r sorular\u0131 g\u00fcndeme ta\u015f\u0131d\u0131.<\/p>\n<p>Y\u0131ld\u0131z, soru\u015fturman\u0131n gerekti\u011fi gibi y\u00fcr\u00fct\u00fclm\u00fc\u015f olmas\u0131 halinde dosyada \u00e7ok daha fazla mesafe al\u0131nabilece\u011fini belirterek, mevcut durumda delillerin pe\u015finden adeta \u201ci\u011fneyle kuyu kazarak\u201d gitmek zorunda kald\u0131klar\u0131n\u0131 s\u00f6yledi.<\/p>\n<p>Y\u0131ld\u0131z\u2019\u0131n aktard\u0131\u011f\u0131na g\u00f6re;<\/p>\n<p>&#8211; Olay yeri inceleme raporu ve krokisinde ciddi eksiklikler bulunuyor.<\/p>\n<p>&#8211; El koyma ve muhafaza alt\u0131na alma i\u015flemlerine ili\u015fkin tutanaklarda eksiklikler oldu\u011fu ileri s\u00fcr\u00fcl\u00fcyor.<\/p>\n<p>&#8211; Olay yerinde bulunan baz\u0131 materyaller \u00fczerindeki parmak izi incelemelerinin eksik b\u0131rak\u0131ld\u0131\u011f\u0131 belirtiliyor.<\/p>\n<p>&#8211; San\u0131ktan al\u0131nmas\u0131 gereken \u00f6rneklerin zaman\u0131nda ve usul\u00fcne uygun al\u0131nmad\u0131\u011f\u0131 iddia ediliyor.<\/p>\n<p>&#8211; Telefon incelemeleri konusunda \u00f6nemli eksiklikler bulundu\u011fu ifade ediliyor.<\/p>\n<p>&#8211; On binlerce sayfal\u0131k HTS kay\u0131tlar\u0131n\u0131n incelenmesinde soru\u015fturma makamlar\u0131n\u0131n yapt\u0131\u011f\u0131 analizlerin yetersiz oldu\u011fu ileri s\u00fcr\u00fcl\u00fcyor.<\/p>\n<p>B\u00fct\u00fcn bunlar do\u011fruysa ortada basit bir soru vard\u0131r:<\/p>\n<p>Bir dosyada failin teslim edilmi\u015f olmas\u0131, delillerin eksiksiz ara\u015ft\u0131r\u0131lmas\u0131n\u0131 gereksiz hale getirir mi? Hay\u0131r.<\/p>\n<p>Tam tersine, san\u0131\u011f\u0131n teslim olmas\u0131 soru\u015fturman\u0131n sonu de\u011fil, maddi ger\u00e7e\u011fe ula\u015fma s\u00fcrecinin ba\u015flang\u0131c\u0131 olmal\u0131d\u0131r.<\/p>\n<p>Olay yeri: \u201cFail belli\u201d demek incelemenin yerine ge\u00e7mez<\/p>\n<p>Duru\u015fmada olay yeri incelemesine ili\u015fkin yap\u0131lan ele\u015ftiriler \u00f6zellikle dikkat \u00e7ekiciydi.<\/p>\n<p>Avukat Y\u0131ld\u0131z, yakla\u015f\u0131k 30 y\u0131ll\u0131k meslek ya\u015fam\u0131nda bu denli yetersiz bir olay yeri raporu ve krokisiyle kar\u015f\u0131la\u015fmad\u0131\u011f\u0131n\u0131 ifade etti.<\/p>\n<p>Bu iddian\u0131n mahkeme taraf\u0131ndan b\u00fct\u00fcn y\u00f6nleriyle de\u011ferlendirilmesi gerekiyor.<\/p>\n<p>\u00c7\u00fcnk\u00fc olay yeri, cinayet soru\u015fturmas\u0131n\u0131n haf\u0131zas\u0131d\u0131r.<\/p>\n<p>Bir iz kaybolursa, bir materyal incelenmezse, bir parmak izi ara\u015ft\u0131r\u0131lmazsa, bir telefon g\u00f6r\u00fcnt\u00fcs\u00fc al\u0131nmazsa ya da bir \u00f6rnek zaman\u0131nda toplanmazsa daha sonra bunun telafisi m\u00fcmk\u00fcn olmayabilir.<\/p>\n<p>Delilin eksik toplanmas\u0131n\u0131n bedelini soru\u015fturman\u0131n sonunda hakikat \u00f6der.<\/p>\n<p>Bu nedenle \u201cfail belli\u201d yakla\u015f\u0131m\u0131, hi\u00e7bir zaman \u201cdelilleri art\u0131k ara\u015ft\u0131rmaya gerek yok\u201d sonucuna d\u00f6n\u00fc\u015fmemelidir.<\/p>\n<p>Tan\u0131klar birbirlerinin ifadelerini \u00f6\u011frendi<\/p>\n<p>Duru\u015fman\u0131n bir ba\u015fka kritik ba\u015fl\u0131\u011f\u0131 ise tan\u0131klar\u0131n dinlenmesi s\u0131ras\u0131nda ortaya \u00e7\u0131kt\u0131. Tan\u0131klar\u0131n bir k\u0131sm\u0131n\u0131n duru\u015fma salonu d\u0131\u015f\u0131nda beklerken i\u00e7eride yap\u0131lan tan\u0131kl\u0131klardan cep telefonlar\u0131 arac\u0131l\u0131\u011f\u0131yla haberdar olduklar\u0131 \u00f6\u011frenildi.<\/p>\n<p>Kat\u0131lan vekilleri bunun \u00fczerine tan\u0131klar\u0131n birbirlerinden ayr\u0131lmas\u0131n\u0131, telefon kullan\u0131m\u0131n\u0131n engellenmesini ve telefonlar\u0131n muhafaza alt\u0131na al\u0131narak incelenmesini talep etti.<\/p>\n<p>Mahkeme bu talepleri kabul etmedi.<\/p>\n<p>B\u00f6ylece ayn\u0131 olay hakk\u0131nda ifade verecek ki\u015filerin, kendilerinden \u00f6nce konu\u015fan tan\u0131klar\u0131n ne s\u00f6yledi\u011fini \u00f6\u011frenip \u00f6\u011frenmedikleri tart\u0131\u015fmas\u0131 dosyan\u0131n \u00f6nemli ba\u015fl\u0131klar\u0131ndan biri haline geldi.<\/p>\n<p>\u00dcstelik avukatlar\u0131n aktar\u0131m\u0131na g\u00f6re tan\u0131klar\u0131n ifadelerinde, kendilerinden \u00f6nce konu\u015fan ki\u015filerin anlat\u0131mlar\u0131ndan sonra de\u011fi\u015fiklikler meydana geldi.<\/p>\n<p>Burada da \u201c\u015feytan ayr\u0131nt\u0131da gizlidir.\u201d<\/p>\n<p>\u00c7\u00fcnk\u00fc adil yarg\u0131lama yaln\u0131zca mahkeme salonunda san\u0131\u011f\u0131n savunma hakk\u0131n\u0131n korunmas\u0131ndan ibaret de\u011fildir.<\/p>\n<p>Delilin g\u00fcvenilirli\u011fi, tan\u0131\u011f\u0131n ba\u011f\u0131ms\u0131zl\u0131\u011f\u0131 ve maddi ger\u00e7e\u011fe ula\u015fma ko\u015fullar\u0131 da adil yarg\u0131laman\u0131n par\u00e7as\u0131d\u0131r.<\/p>\n<p>40 binden fazla sayfal\u0131k HTS ve g\u00f6r\u00fcnt\u00fcs\u00fc dahi al\u0131nmayan telefon.<\/p>\n<p>\u00d6HD \u0130zmir \u015eube Ba\u015fkan\u0131 Av. \u00d6zcan Sar\u0131o\u011flu ise soru\u015fturman\u0131n dijital deliller boyutuna dikkat \u00e7ekti.<\/p>\n<p>San\u0131\u011fa ait telefonun soru\u015fturma s\u0131ras\u0131nda g\u00f6r\u00fcnt\u00fcs\u00fcn\u00fcn dahi al\u0131nmad\u0131\u011f\u0131n\u0131 belirten Sar\u0131o\u011flu, dosyada 40 binden fazla sayfal\u0131k HTS kayd\u0131 bulundu\u011funu ve avukatlar\u0131n bu kay\u0131tlar\u0131 g\u00fcnlerdir incelemeye \u00e7al\u0131\u015ft\u0131\u011f\u0131n\u0131 s\u00f6yledi.<\/p>\n<p>B\u00f6ylesine b\u00fcy\u00fck bir veri setinin yaln\u0131zca mevcut polis analizine dayan\u0131larak de\u011ferlendirilmesi yeterli midir?<\/p>\n<p>Yoksa olaydan \u00f6nceki ve sonraki ileti\u015fim trafi\u011fi, ki\u015filer aras\u0131ndaki ba\u011flant\u0131lar, konum hareketleri ve dijital izler ba\u011f\u0131ms\u0131z bi\u00e7imde yeniden mi incelenmelidir?<\/p>\n<p>Duru\u015fmada yap\u0131lan talepler, bu sorular\u0131n h\u00e2l\u00e2 yan\u0131t bekledi\u011fini g\u00f6sterdi.<\/p>\n<p>K\u0131s\u0131tlama karar\u0131 ve soru\u015fturman\u0131n ba\u015f\u0131ndaki ilk d\u00fc\u011f\u00fcm<\/p>\n<p>Av. Nergiz Tuba Aslan ise soru\u015fturman\u0131n daha ilk a\u015famalar\u0131nda al\u0131nan k\u0131s\u0131tlama karar\u0131n\u0131 g\u00fcndeme getirdi.<\/p>\n<p>Aslan, bu karar\u0131n ma\u011fdur yak\u0131nlar\u0131 ve avukatlar bak\u0131m\u0131ndan uygulanmas\u0131n\u0131n soru\u015fturman\u0131n denetlenmesini g\u00fc\u00e7le\u015ftirdi\u011fini belirterek, ilgili ba\u015fvurular\u0131n yap\u0131ld\u0131\u011f\u0131n\u0131 ancak sonu\u00e7 al\u0131namad\u0131\u011f\u0131n\u0131 ifade etti.<\/p>\n<p>Avukatlar\u0131n kendi olanaklar\u0131yla olay yeri, HTS kay\u0131tlar\u0131, ifadeler ve di\u011fer deliller \u00fczerinde ba\u011f\u0131ms\u0131z \u00e7al\u0131\u015fma yapmak zorunda kald\u0131\u011f\u0131n\u0131 s\u00f6ylemesi de dosyan\u0131n bir ba\u015fka \u00e7arp\u0131c\u0131 y\u00f6n\u00fcn\u00fc olu\u015fturdu.<\/p>\n<p>Bir cinayet soru\u015fturmas\u0131nda delilleri devletin soru\u015fturma organlar\u0131 toplar; ma\u011fdur taraf\u0131n\u0131n avukatlar\u0131 ise bu delillerin pe\u015fine d\u00fc\u015fmek zorunda kalmamal\u0131d\u0131r.<\/p>\n<p>Avukatlar\u0131n g\u00f6revi soru\u015fturman\u0131n yerine ge\u00e7mek de\u011fil, soru\u015fturman\u0131n eksik b\u0131rak\u0131lan y\u00f6nlerini mahkemenin \u00f6n\u00fcne koymakt\u0131r.<\/p>\n<p>Bir ba\u015fka kritik soru: Ali Ayd\u0131n&#8217;\u0131n kimli\u011fi<\/p>\n<p>Davan\u0131n siyasal boyutunun ara\u015ft\u0131r\u0131lmas\u0131 talebi, duru\u015fman\u0131n hemen her a\u015famas\u0131nda kendisini g\u00f6sterdi.<\/p>\n<p>\u00c7\u00fcnk\u00fc Ali Ayd\u0131n\u2019\u0131n ya\u015fam\u0131 yaln\u0131zca bireysel bir meslek prati\u011finden ibaret de\u011fildi.<\/p>\n<p>\u0130nsan haklar\u0131 savunuculu\u011fu, demokratik \u00f6rg\u00fctlenmeler, hukuk m\u00fccadelesi ve mesleki faaliyetleri birlikte de\u011ferlendirildi\u011finde, cinayetin arka plan\u0131nda herhangi bir siyasi saik bulunup bulunmad\u0131\u011f\u0131 sorusunun ara\u015ft\u0131r\u0131lmas\u0131 gerekir.<\/p>\n<p>Bu ihtimali ara\u015ft\u0131rmak, pe\u015finen bir siyasi cinayet h\u00fckm\u00fc vermek de\u011fildir.<\/p>\n<p>Tam tersine, maddi ger\u00e7e\u011fe ula\u015fman\u0131n gere\u011fidir.<\/p>\n<p>E\u011fer siyasi bir ba\u011flant\u0131 yoksa, soru\u015fturma bunu ortaya koymal\u0131d\u0131r.<\/p>\n<p>E\u011fer varsa, ortaya \u00e7\u0131kar\u0131lmal\u0131d\u0131r.<\/p>\n<p>Dosyan\u0131n ger\u00e7ek s\u0131nav\u0131 \u015fimdi ba\u015fl\u0131yor<\/p>\n<p>\u0130lk duru\u015fman\u0131n sonunda mahkeme, taraflar\u0131n geni\u015fletilmi\u015f tahkikat taleplerinin bir b\u00f6l\u00fcm\u00fcn\u00fc kabul etti ve davay\u0131 20 Kas\u0131m 2026 saat 09.30\u2019a b\u0131rakt\u0131.<\/p>\n<p>Bu karar, dosyan\u0131n \u00f6n\u00fcndeki ara\u015ft\u0131rma alan\u0131n\u0131n geni\u015flemesi bak\u0131m\u0131ndan \u00f6nem ta\u015f\u0131yor.<\/p>\n<p>Ancak bundan sonraki s\u00fcre\u00e7te belirleyici olan yaln\u0131zca ka\u00e7 delilin topland\u0131\u011f\u0131 de\u011fil, hangi delilin neden ara\u015ft\u0131r\u0131ld\u0131\u011f\u0131 ve hangi sorunun yan\u0131t\u0131n\u0131n arand\u0131\u011f\u0131 olacak.<\/p>\n<p>\u00c7\u00fcnk\u00fc Ali Ayd\u0131n dosyas\u0131nda tart\u0131\u015fma art\u0131k yaln\u0131zca bir san\u0131\u011f\u0131n cezaland\u0131r\u0131l\u0131p cezaland\u0131r\u0131lmayaca\u011f\u0131 tart\u0131\u015fmas\u0131 de\u011fildir.<\/p>\n<p>Tart\u0131\u015fma, bir insan\u0131n neden \u00f6ld\u00fcr\u00fcld\u00fc\u011f\u00fcn\u00fcn, bu cinayetin arkas\u0131nda kimlerin bulundu\u011funun, soru\u015fturma s\u00fcrecinde hangi delillerin neden eksik b\u0131rak\u0131ld\u0131\u011f\u0131n\u0131n ve maddi ger\u00e7e\u011fin ortaya \u00e7\u0131kar\u0131l\u0131p \u00e7\u0131kar\u0131lmayaca\u011f\u0131n\u0131n tart\u0131\u015fmas\u0131d\u0131r.<\/p>\n<p>Adalet, dosyan\u0131n en kolay a\u00e7\u0131klamas\u0131n\u0131 bulmak de\u011fildir.<\/p>\n<p>Adalet, zor sorular\u0131n pe\u015finden gitmektir.<\/p>\n<p>\u201cFail teslim edildi\u201d denilerek dosyan\u0131n kapa\u011f\u0131 kapat\u0131l\u0131rsa geriye yaln\u0131zca bir h\u00fck\u00fcm kal\u0131r; b\u00fct\u00fcn ba\u011flant\u0131lar ara\u015ft\u0131r\u0131l\u0131r, eksik deliller tamamlan\u0131r ve \u00e7eli\u015fkiler giderilirse geriye hakikat kal\u0131r.<\/p>\n<p>Ali Ayd\u0131n\u2019\u0131n savundu\u011fu insan haklar\u0131 m\u00fccadelesinin \u00f6z\u00fc de budur:<\/p>\n<p>Hakikat karanl\u0131kta b\u0131rak\u0131lmamal\u0131d\u0131r.<\/p>\n<p>Ve bu davada ger\u00e7ekten cevaplanmas\u0131 gereken soru h\u00e2l\u00e2 ayn\u0131:<\/p>\n<p>\u015eeytan ayr\u0131nt\u0131da gizlidir. Peki Ali Ayd\u0131n\u2019\u0131n \u00f6l\u00fcm\u00fcndeki ayr\u0131nt\u0131lar neden h\u00e2l\u00e2 bu kadar \u00e7ok soru bar\u0131nd\u0131r\u0131yor?<\/p>\n<p>Davan\u0131n takip\u00e7isi olacak, hakikati aramaktan vaz ge\u00e7meyece\u011fiz.<\/p>\n","protected":false},"excerpt":{"rendered":"<p>\u00a013 Ocak 2026 Tarihinde \u0130zmir-\u00c7i\u011fli il\u00e7esi Evka2 civar\u0131nda tepelik y\u00fcr\u00fcy\u00fc\u015f alan\u0131nda vah\u015fice katledilen e\u011fitimci-avukat-insan haklar\u0131 savunucusu, ge\u00e7en d\u00f6nem \u0130HD \u0130zmir \u015eubesi e\u015f eski ba\u015fkan\u0131 Ali Ayd\u0131n cinayeti davas\u0131n\u0131n ilk duru\u015fmas\u0131na \u0130mece Dostluk Dayan\u0131\u015fma Derne\u011fi olarak kat\u0131larak izledik. Avukat ve insan haklar\u0131 savunucusu Ali Ayd\u0131n\u2019\u0131n \u00f6ld\u00fcr\u00fclmesine ili\u015fkin davan\u0131n ilk duru\u015fmas\u0131, yaln\u0131zca san\u0131\u011f\u0131n de\u011fil, soru\u015fturman\u0131n kendisinin de &hellip; <\/p>\n<p><a class=\"more-link btn\" href=\"https:\/\/www.imece-der.com\/?p=7200\">Continue reading<\/a><\/p>\n","protected":false},"author":1,"featured_media":0,"comment_status":"open","ping_status":"open","sticky":false,"template":"","format":"standard","meta":[],"categories":[1],"tags":[],"_links":{"self":[{"href":"https:\/\/www.imece-der.com\/index.php?rest_route=\/wp\/v2\/posts\/7200"}],"collection":[{"href":"https:\/\/www.imece-der.com\/index.php?rest_route=\/wp\/v2\/posts"}],"about":[{"href":"https:\/\/www.imece-der.com\/index.php?rest_route=\/wp\/v2\/types\/post"}],"author":[{"embeddable":true,"href":"https:\/\/www.imece-der.com\/index.php?rest_route=\/wp\/v2\/users\/1"}],"replies":[{"embeddable":true,"href":"https:\/\/www.imece-der.com\/index.php?rest_route=%2Fwp%2Fv2%2Fcomments&post=7200"}],"version-history":[{"count":1,"href":"https:\/\/www.imece-der.com\/index.php?rest_route=\/wp\/v2\/posts\/7200\/revisions"}],"predecessor-version":[{"id":7204,"href":"https:\/\/www.imece-der.com\/index.php?rest_route=\/wp\/v2\/posts\/7200\/revisions\/7204"}],"wp:attachment":[{"href":"https:\/\/www.imece-der.com\/index.php?rest_route=%2Fwp%2Fv2%2Fmedia&parent=7200"}],"wp:term":[{"taxonomy":"category","embeddable":true,"href":"https:\/\/www.imece-der.com\/index.php?rest_route=%2Fwp%2Fv2%2Fcategories&post=7200"},{"taxonomy":"post_tag","embeddable":true,"href":"https:\/\/www.imece-der.com\/index.php?rest_route=%2Fwp%2Fv2%2Ftags&post=7200"}],"curies":[{"name":"wp","href":"https:\/\/api.w.org\/{rel}","templated":true}]}}