{"id":7194,"date":"2026-09-01T21:53:17","date_gmt":"2026-09-01T18:53:17","guid":{"rendered":"https:\/\/www.imece-der.com\/?p=7194"},"modified":"2026-09-01T21:53:17","modified_gmt":"2026-09-01T18:53:17","slug":"izmir-emek-ve-demokrasi-gucleri-savasa-somuruye-ve-emperyalizme-karsi-barisi-buyutelim","status":"publish","type":"post","link":"https:\/\/www.imece-der.com\/?p=7194","title":{"rendered":"\u0130zmir Emek ve Demokrasi G\u00fc\u00e7leri: Sava\u015fa, S\u00f6m\u00fcr\u00fcye ve Emperyalizme Kar\u015f\u0131 Bar\u0131\u015f\u0131 B\u00fcy\u00fctelim!!"},"content":{"rendered":"<p><a href=\"https:\/\/www.imece-der.com\/wp-content\/uploads\/2026\/09\/baris1-e1788288768970.jpeg\"><img decoding=\"async\" loading=\"lazy\" class=\"aligncenter size-full wp-image-7198\" src=\"https:\/\/www.imece-der.com\/wp-content\/uploads\/2026\/09\/baris1-e1788288768970.jpeg\" alt=\"\" width=\"1600\" height=\"1200\" srcset=\"https:\/\/www.imece-der.com\/wp-content\/uploads\/2026\/09\/baris1-e1788288768970.jpeg 1600w, https:\/\/www.imece-der.com\/wp-content\/uploads\/2026\/09\/baris1-e1788288768970-300x225.jpeg 300w, https:\/\/www.imece-der.com\/wp-content\/uploads\/2026\/09\/baris1-e1788288768970-1024x768.jpeg 1024w, https:\/\/www.imece-der.com\/wp-content\/uploads\/2026\/09\/baris1-e1788288768970-768x576.jpeg 768w, https:\/\/www.imece-der.com\/wp-content\/uploads\/2026\/09\/baris1-e1788288768970-1536x1152.jpeg 1536w\" sizes=\"(max-width: 1600px) 100vw, 1600px\" \/><\/a><\/p>\n<p>\u0130zmir Emek ve Demokrasi G\u00fc\u00e7leri, 1 Eyl\u00fcl D\u00fcnya Bar\u0131\u015f G\u00fcn\u00fc\u2019nde sokaktayd\u0131: \u201cSava\u015fa de\u011fil, emek\u00e7iye b\u00fct\u00e7e!\u201d, \u201cSava\u015fa de\u011fil sa\u011fl\u0131\u011fa b\u00fct\u00e7e\u201d<\/p>\n<p>\u00d6SYM \u00f6n\u00fcnden ba\u015flayan y\u00fcr\u00fcy\u00fc\u015f G\u00fcndo\u011fdu Meydan\u0131\u2019nda son bulurken, sava\u015flarda ya\u015fam\u0131n\u0131 yitirenler i\u00e7in denize karanfiller b\u0131rak\u0131ld\u0131.<\/p>\n<p>D\u00fcnyan\u0131n d\u00f6rt bir yan\u0131nda sava\u015flar\u0131n, i\u015fgallerin, katliamlar\u0131n ve yoksullu\u011fun b\u00fcy\u00fcd\u00fc\u011f\u00fc bir d\u00f6nemde 1 Eyl\u00fcl D\u00fcnya Bar\u0131\u015f G\u00fcn\u00fc \u0130zmir\u2019de emek\u00e7ilerin ve demokrasi g\u00fc\u00e7lerinin sokaklarda y\u00fckseltti\u011fi bar\u0131\u015f ve karde\u015flik talepleriyle kar\u015f\u0131land\u0131.<\/p>\n<p>\u0130zmir Emek ve Demokrasi G\u00fc\u00e7leri\u2019nin \u00e7a\u011fr\u0131s\u0131yla \u00d6SYM \u00f6n\u00fcnde bir araya gelen kitle, T\u00fcrkan Saylan K\u00fclt\u00fcr Merkezi\u2019ne y\u00fcr\u00fcd\u00fc. Y\u00fcr\u00fcy\u00fc\u015f boyunca sava\u015f kar\u015f\u0131t\u0131 sloganlar y\u00fckselirken, emek\u00e7ilerin b\u00fct\u00e7enin sava\u015fa ve silahlanmaya de\u011fil halk\u0131n ihtiya\u00e7lar\u0131na ayr\u0131lmas\u0131 talebi \u00f6ne \u00e7\u0131kt\u0131.<\/p>\n<p>T\u00fcrkan Saylan K\u00fclt\u00fcr Merkezi \u00f6n\u00fcnde ger\u00e7ekle\u015ftirilen bas\u0131n a\u00e7\u0131klamas\u0131n\u0131 Emek ve Demokrasi G\u00fc\u00e7leri ad\u0131na Baro y\u00f6neticisi Av. Gamze \u015eim\u015fek okudu.<\/p>\n<p>\u015eim\u015fek, a\u00e7\u0131klamaya \u201c1 Eyl\u00fcl D\u00fcnya Bar\u0131\u015f G\u00fcn\u00fc\u2019n\u00fc, insanl\u0131\u011f\u0131n sava\u015flardan, i\u015fgallerden, katliamlardan ve s\u00f6m\u00fcr\u00fcden kurtulamad\u0131\u011f\u0131 bir d\u00fcnyada kar\u015f\u0131l\u0131yoruz\u201d s\u00f6zleriyle ba\u015flad\u0131.<\/p>\n<p><strong>1 EYL\u00dcL\u2019\u00dcN TAR\u0130HSEL ANLAMI<\/strong><\/p>\n<p>A\u00e7\u0131klamada, 1 Eyl\u00fcl 1939\u2019da Nazi Almanyas\u0131\u2019n\u0131n Polonya\u2019y\u0131 i\u015fgaliyle ba\u015flayan ve milyonlarca insan\u0131n ya\u015fam\u0131n\u0131 yitirdi\u011fi II. D\u00fcnya Sava\u015f\u0131 hat\u0131rlat\u0131ld\u0131.<\/p>\n<p>Kentlerin bombaland\u0131\u011f\u0131, halklar\u0131n yerlerinden edildi\u011fi, toplama kamplar\u0131nda milyonlarca insan\u0131n katledildi\u011fi belirtilen a\u00e7\u0131klamada, II. D\u00fcnya Sava\u015f\u0131\u2019n\u0131n insanl\u0131k tarihinin en a\u011f\u0131r trajedilerinden biri oldu\u011fu vurguland\u0131.<\/p>\n<p>1 Eyl\u00fcl\u2019\u00fcn yaln\u0131zca ge\u00e7mi\u015fte ya\u015fanm\u0131\u015f bir sava\u015f\u0131n y\u0131ld\u00f6n\u00fcm\u00fc olmad\u0131\u011f\u0131 belirtilerek, sava\u015f\u0131n, militarizmin, fa\u015fizmin ve emperyalist sald\u0131rganl\u0131\u011f\u0131n kar\u015f\u0131s\u0131nda bar\u0131\u015f\u0131 savunman\u0131n tarihsel bir g\u00fcn\u00fc oldu\u011fu ifade edildi.<\/p>\n<p>Ancak 87 y\u0131l sonra d\u00fcnyan\u0131n h\u00e2l\u00e2 sava\u015flardan kurtulamad\u0131\u011f\u0131na dikkat \u00e7ekildi.<\/p>\n<p>Ukrayna\u2019da sava\u015f\u0131n s\u00fcrd\u00fc\u011f\u00fc, Filistin halk\u0131n\u0131n a\u011f\u0131r bir y\u0131k\u0131m ve insani krizle kar\u015f\u0131 kar\u015f\u0131ya oldu\u011fu, Sudan\u2019daki sava\u015f\u0131n milyonlarca insan\u0131 yerinden etti\u011fi belirtilen a\u00e7\u0131klamada, Myanmar\u2019dan Kongo\u2019ya, Yemen\u2019den Ortado\u011fu\u2019nun farkl\u0131 b\u00f6lgelerine kadar halklar\u0131n sava\u015flar\u0131n ve silahl\u0131 \u00e7at\u0131\u015fmalar\u0131n a\u011f\u0131r sonu\u00e7lar\u0131n\u0131 ya\u015fad\u0131\u011f\u0131 ifade edildi.<\/p>\n<p><strong>\u00a0\u201cPEK\u0130 B\u00dcT\u00dcN BU SAVA\u015eLAR NEDEN \u00c7IKIYOR?\u201d<\/strong><\/p>\n<p>A\u00e7\u0131klaman\u0131n \u00f6nemli b\u00f6l\u00fcm\u00fcnde sava\u015flar\u0131n nedenlerine ili\u015fkin de\u011ferlendirmeler yap\u0131ld\u0131.<\/p>\n<p>Sava\u015flar\u0131n yaln\u0131zca halklar\u0131n birbirlerine duydu\u011fu d\u00fc\u015fmanl\u0131kla, dinlerle, mezheplerle, etnik farkl\u0131l\u0131klarla veya \u00fclkeler aras\u0131ndaki tarihsel anla\u015fmazl\u0131klarla a\u00e7\u0131klanamayaca\u011f\u0131 belirtilen a\u00e7\u0131klamada, sava\u015flar\u0131n arkas\u0131ndaki ekonomik ve siyasi \u00e7\u0131karlara dikkat \u00e7ekildi.<\/p>\n<p>Enerji kaynaklar\u0131, pazarlar, silah ticareti, jeopolitik hesaplar, emperyalist g\u00fc\u00e7 m\u00fccadeleleri ve sermayenin s\u0131n\u0131rs\u0131z b\u00fcy\u00fcme aray\u0131\u015f\u0131n\u0131n sava\u015flar\u0131n temel dinamikleri aras\u0131nda oldu\u011fu vurguland\u0131.<\/p>\n<p>D\u00fcnyan\u0131n bir yan\u0131nda insanlar\u0131n a\u00e7l\u0131k, yoksulluk ve i\u015fsizlikle m\u00fccadele ederken di\u011fer yan\u0131nda silahlanmaya trilyonlarca dolar harcanmas\u0131n\u0131n tesad\u00fcf olmad\u0131\u011f\u0131 belirtildi.<\/p>\n<p>Sava\u015flardan en fazla yoksullar\u0131n, emek\u00e7ilerin, \u00e7ocuklar\u0131n ve kad\u0131nlar\u0131n zarar g\u00f6rd\u00fc\u011f\u00fc ifade edilirken, silah tekellerinin, enerji \u015firketlerinin ve sava\u015f ekonomisinden beslenen sermaye gruplar\u0131n\u0131n b\u00fcy\u00fcmeye devam etti\u011fi kaydedildi.<\/p>\n<p><strong>\u201cGER\u00c7EK BARI\u015e, S\u0130LAHLARIN SUSMASINDAN \u0130BARET DE\u011e\u0130L\u201d<\/strong><\/p>\n<p>Emek ve Demokrasi G\u00fc\u00e7leri, ger\u00e7ek bar\u0131\u015f\u0131n yaln\u0131zca silahlar\u0131n belli bir s\u00fcre susmas\u0131 olmad\u0131\u011f\u0131n\u0131 vurgulad\u0131.<\/p>\n<p>A\u00e7\u0131klamada \u015fu de\u011ferlendirmeye yer verildi:<\/p>\n<p>\u201cGer\u00e7ek bar\u0131\u015f; insanlar\u0131n a\u00e7l\u0131\u011fa, yoksullu\u011fa, i\u015fsizli\u011fe, s\u00f6m\u00fcr\u00fcye ve g\u00fcvencesizli\u011fe mahk\u00fbm edilmedi\u011fi; halklar\u0131n birbirine d\u00fc\u015fmanla\u015ft\u0131r\u0131lmad\u0131\u011f\u0131; b\u00fct\u00fcn insanlar\u0131n e\u015fit, \u00f6zg\u00fcr ve onurlu bir ya\u015fam hakk\u0131na sahip oldu\u011fu bir toplumsal d\u00fczeni gerektirir.\u201d<\/p>\n<p>Sava\u015f\u0131n kar\u015f\u0131s\u0131ndaki en g\u00fc\u00e7l\u00fc se\u00e7ene\u011fin halklar\u0131n karde\u015fli\u011fi ve enternasyonal dayan\u0131\u015fma oldu\u011fu belirtilerek, halklar\u0131n birbirine d\u00fc\u015fman edilmesine de\u011fil, e\u015fit ve \u00f6zg\u00fcr yurtta\u015flar olarak yan yana ya\u015famas\u0131na ihtiya\u00e7 oldu\u011fu vurguland\u0131.<\/p>\n<p><strong>BARI\u015e M\u00dcCADELES\u0130, SINIFSAL E\u015e\u0130TS\u0130ZL\u0130KLERE KAR\u015eI M\u00dcCADELED\u0130R<\/strong><\/p>\n<p>A\u00e7\u0131klamada bar\u0131\u015f talebinin demokrasi ve sosyal adalet talebinden ayr\u0131 d\u00fc\u015f\u00fcn\u00fclemeyece\u011fi belirtildi.<\/p>\n<p>Kal\u0131c\u0131 bar\u0131\u015f\u0131n; emek\u00e7ilerin s\u00f6z ve karar sahibi oldu\u011fu, \u00fcretimin ve toplumsal zenginliklerin bir avu\u00e7 sermaye grubunun \u00e7\u0131kar\u0131na de\u011fil toplumun ihtiya\u00e7lar\u0131na g\u00f6re d\u00fczenlendi\u011fi, s\u00f6m\u00fcr\u00fcn\u00fcn ve s\u0131n\u0131fsal e\u015fitsizliklerin ortadan kald\u0131r\u0131ld\u0131\u011f\u0131 bir toplumsal d\u00fczenle m\u00fcmk\u00fcn olabilece\u011fi ifade edildi.<\/p>\n<p>Bu yakla\u015f\u0131m, 1 Eyl\u00fcl eyleminin yaln\u0131zca sava\u015f kar\u015f\u0131t\u0131 bir protesto olmad\u0131\u011f\u0131n\u0131; ayn\u0131 zamanda sava\u015flar\u0131 ve yoksullu\u011fu \u00fcreten d\u00fczene kar\u015f\u0131 bir itiraz oldu\u011funu ortaya koydu.<\/p>\n<p><strong>T\u00dcRK\u0130YE\u2019DE DEMOKRAT\u0130K VE BARI\u015e\u00c7IL \u00c7\u00d6Z\u00dcM \u00c7A\u011eRISI<\/strong><\/p>\n<p>T\u00fcrkiye a\u00e7\u0131s\u0131ndan da y\u0131llard\u0131r \u00e7\u00f6z\u00fclemeyen \u00e7at\u0131\u015fma ve K\u00fcrt sorununa demokratik, siyasal ve bar\u0131\u015f\u00e7\u0131l bir \u00e7\u00f6z\u00fcm bulunmas\u0131 gerekti\u011fi belirtildi.<\/p>\n<p>G\u00fcndeme gelen \u201c\u00e7er\u00e7eve yasa\u201d tart\u0131\u015fmalar\u0131n\u0131n T\u00fcrkiye\u2019nin demokratikle\u015fmesi ve kal\u0131c\u0131 bir bar\u0131\u015f ortam\u0131n\u0131n kurulmas\u0131 a\u00e7\u0131s\u0131ndan \u00f6nemli oldu\u011fu ifade edilirken, yaln\u0131zca bir yasan\u0131n bar\u0131\u015f\u0131 ve karde\u015fli\u011fi garanti etmeyece\u011fi vurguland\u0131.<\/p>\n<p>A\u00e7\u0131klamada, ortaya konulacak \u00e7er\u00e7evenin ger\u00e7ekten demokratik bir i\u00e7eri\u011fe sahip olup olmad\u0131\u011f\u0131, ge\u00e7mi\u015fin ac\u0131lar\u0131yla y\u00fczle\u015fmeyi ve toplumsal bar\u0131\u015f\u0131 sa\u011flayacak mekanizmalar\u0131 i\u00e7erip i\u00e7ermedi\u011fi konusunda teredd\u00fctler bulundu\u011fu belirtildi.<\/p>\n<p>Biz bu ihtimali pe\u015finen reddetmiyoruz. Tam tersine, T\u00fcrkiye\u2019nin ger\u00e7ek bir bar\u0131\u015f s\u00fcrecine ihtiyac\u0131 oldu\u011funu savunuyoruz. Ancak bar\u0131\u015f\u0131n yaln\u0131zca devletler aras\u0131nda yap\u0131lan d\u00fczenlemelerle de\u011fil, toplumun b\u00fct\u00fcn kesimlerinin s\u00fcrece kat\u0131l\u0131m\u0131yla, demokratik haklar\u0131n g\u00fcvence alt\u0131na al\u0131nmas\u0131yla, d\u00fc\u015f\u00fcnce ve ifade \u00f6zg\u00fcrl\u00fc\u011f\u00fcn\u00fcn \u00f6n\u00fcndeki engellerin kald\u0131r\u0131lmas\u0131yla ve e\u015fit yurtta\u015fl\u0131k temelinde m\u00fcmk\u00fcn olabilece\u011fini vurguluyoruz.<\/p>\n<p>Bununla birlikte T\u00fcrkiye\u2019nin ger\u00e7ek bir bar\u0131\u015f s\u00fcrecine ihtiyac\u0131 oldu\u011fu vurgulanarak, bar\u0131\u015f\u0131n yaln\u0131zca devletler aras\u0131nda yap\u0131lacak d\u00fczenlemelerle de\u011fil, toplumun b\u00fct\u00fcn kesimlerinin s\u00fcrece kat\u0131l\u0131m\u0131yla m\u00fcmk\u00fcn olabilece\u011fi ifade edildi.<\/p>\n<p>Demokratik haklar\u0131n g\u00fcvence alt\u0131na al\u0131nmas\u0131, d\u00fc\u015f\u00fcnce ve ifade \u00f6zg\u00fcrl\u00fc\u011f\u00fcn\u00fcn \u00f6n\u00fcndeki engellerin kald\u0131r\u0131lmas\u0131 ve e\u015fit yurtta\u015fl\u0131k temelinin g\u00fc\u00e7lendirilmesi \u00e7a\u011fr\u0131s\u0131 yap\u0131ld\u0131.<\/p>\n<p>\u201cBar\u0131\u015f\u0131n ad\u0131 yaln\u0131zca silahlar\u0131n susmas\u0131 de\u011fil; insanlar\u0131n d\u00fc\u015f\u00fcnceleri, kimlikleri, inan\u00e7lar\u0131 ve siyasal tercihleri nedeniyle bask\u0131 g\u00f6rmedi\u011fi bir \u00fclkenin kurulmas\u0131d\u0131r\u201d denildi.<\/p>\n<p><strong>ABHAZ HALKININ TALEPLER\u0130 DE A\u00c7IKLAMADA YER ALDI<\/strong><\/p>\n<p>Bas\u0131n a\u00e7\u0131klamas\u0131nda Kafkasya ve Karadeniz havzas\u0131ndaki halklar\u0131n ya\u015fad\u0131\u011f\u0131 sorunlara da yer verildi.<\/p>\n<p>T\u00fcrkiye\u2019de ya\u015fayan y\u00fczbinlerce Abhaz k\u00f6kenli yurtta\u015f\u0131n anavatanlar\u0131na seyahat \u00f6zg\u00fcrl\u00fc\u011f\u00fcn\u00fcn, do\u011frudan deniz ve havayolu ula\u015f\u0131m imk\u00e2nlar\u0131 yarat\u0131larak g\u00fcvence alt\u0131na al\u0131nmas\u0131 gerekti\u011fi belirtildi.<\/p>\n<p>Abhazya\u2019n\u0131n kimlik ve pasaport belgelerinin T\u00fcrkiye taraf\u0131ndan tan\u0131nmas\u0131 \u00e7a\u011fr\u0131s\u0131 yap\u0131lan a\u00e7\u0131klamada, T\u00fcrkiye\u2019nin uygulayabilece\u011fi d\u00fczenlemelerle bu izolasyonun kald\u0131r\u0131lmas\u0131 y\u00f6n\u00fcnde ad\u0131mlar at\u0131lmas\u0131 istendi.<\/p>\n<p><strong>\u201cSAVA\u015e POL\u0130T\u0130KALARININ FATURASINI EMEK\u00c7\u0130LER \u00d6D\u00dcYOR\u201d<\/strong><\/p>\n<p>T\u00fcrkiye\u2019de ekonomik krizin derinle\u015fti\u011fi, milyonlarca insan\u0131n yoksulluk s\u0131n\u0131r\u0131n\u0131n alt\u0131nda ya\u015famaya devam etti\u011fi belirtilen a\u00e7\u0131klamada, gen\u00e7lerin geleceksizlikle, emek\u00e7ilerin ise g\u00fcvencesizlikle kar\u015f\u0131 kar\u015f\u0131ya b\u0131rak\u0131ld\u0131\u011f\u0131 ifade edildi.<\/p>\n<p>Toplumun geni\u015f kesimleri ge\u00e7im s\u0131k\u0131nt\u0131s\u0131 alt\u0131nda ezilirken demokratik hak ve \u00f6zg\u00fcrl\u00fckler \u00fczerindeki bask\u0131lar\u0131n a\u011f\u0131rla\u015ft\u0131\u011f\u0131 belirtildi.<\/p>\n<p>\u201cSava\u015f politikalar\u0131 ile yoksulluk aras\u0131nda do\u011frudan bir ba\u011f vard\u0131r\u201d denilen a\u00e7\u0131klamada, sava\u015f\u0131n ve g\u00fcvenlik politikalar\u0131n\u0131n faturas\u0131n\u0131 emek\u00e7ilerin \u00f6dedi\u011fi vurguland\u0131.<\/p>\n<p>Demokratik haklar\u0131n daralt\u0131lmas\u0131n\u0131n bedelini toplumun \u00f6dedi\u011fi, silahlanmaya ve militarizme ayr\u0131lan kaynaklar\u0131n bedelinin de halk\u0131n s\u0131rt\u0131na y\u00fcklendi\u011fi ifade edildi.<\/p>\n<p>Bu nedenle 1 Eyl\u00fcl\u2019de yaln\u0131zca d\u00fcnyadaki sava\u015flara de\u011fil, sava\u015f\u0131n toplumsal zeminini olu\u015fturan e\u015fitsizliklere, s\u00f6m\u00fcr\u00fcye, yoksullu\u011fa ve bask\u0131ya da itiraz edildi\u011fi belirtildi.<\/p>\n<p>A\u00e7\u0131klaman\u0131n bu b\u00f6l\u00fcm\u00fcnde \u015fu s\u00f6zler \u00f6ne \u00e7\u0131kt\u0131:<\/p>\n<p><strong>\u201cBar\u0131\u015f, adalet olmadan kal\u0131c\u0131 de\u011fildir. \u00d6zg\u00fcrl\u00fck olmadan bar\u0131\u015f eksiktir. E\u015fitlik olmadan karde\u015flik m\u00fcmk\u00fcn de\u011fildir. S\u00f6m\u00fcr\u00fc devam ederken ger\u00e7ek bar\u0131\u015f kurulamaz.\u201d<\/strong><\/p>\n<p><strong>F\u0130L\u0130ST\u0130N\u2019DEN UKRAYNA\u2019YA: HALKLARIN BARI\u015e HAKKI<\/strong><\/p>\n<p>\u0130zmir Emek ve Demokrasi G\u00fc\u00e7leri, d\u00fcnyan\u0131n neresinde olursa olsun haks\u0131z sava\u015flara, i\u015fgale, militarizme ve halklar\u0131n birbirine d\u00fc\u015fman edilmesine kar\u015f\u0131 olduklar\u0131n\u0131 a\u00e7\u0131klad\u0131.<\/p>\n<p>Filistin halk\u0131n\u0131n \u00f6zg\u00fcrl\u00fck ve kendi kaderini tayin hakk\u0131n\u0131n savunuldu\u011fu a\u00e7\u0131klamada, Ukrayna\u2019da sava\u015f\u0131n sona ermesi ve Sudan\u2019da akan kan\u0131n durmas\u0131 \u00e7a\u011fr\u0131s\u0131 yap\u0131ld\u0131.<\/p>\n<p>D\u00fcnyan\u0131n b\u00fct\u00fcn \u00e7at\u0131\u015fma b\u00f6lgelerinde halklar\u0131n bar\u0131\u015f i\u00e7inde ya\u015famas\u0131 gerekti\u011fi vurgulan\u0131rken, T\u00fcrkiye\u2019de demokratik, e\u015fitlik\u00e7i ve kal\u0131c\u0131 bir bar\u0131\u015f\u0131n kurulmas\u0131 i\u00e7in b\u00fct\u00fcn halklar\u0131n ve emek\u00e7ilerin ortak m\u00fccadelesinin b\u00fcy\u00fct\u00fclmesi \u00e7a\u011fr\u0131s\u0131 yap\u0131ld\u0131.<\/p>\n<p>Etkinlikte, sava\u015f\u0131n ve s\u00f6m\u00fcr\u00fcn\u00fcn kar\u015f\u0131s\u0131nda halklar\u0131n ortak m\u00fccadelesinin b\u00fcy\u00fct\u00fclmesi gerekti\u011fi vurgulan\u0131rken, bar\u0131\u015f talebinin emek, e\u015fitlik, \u00f6zg\u00fcrl\u00fck ve demokrasi m\u00fccadelesiyle birlikte y\u00fckseltilmesi \u00e7a\u011fr\u0131s\u0131 yap\u0131ld\u0131.<\/p>\n<p>\u0130zmir Emek ve Demokrasi G\u00fc\u00e7leri a\u00e7\u0131klamas\u0131n\u0131 \u015fu s\u00f6zlerle tamamlad\u0131:<\/p>\n<p><strong>\u201cHaks\u0131z sava\u015f\u0131n kazanan\u0131 olmaz; ancak halklar kaybeder. Biz, halklar\u0131n birbirine d\u00fc\u015fman edilmedi\u011fi; s\u0131n\u0131rlar\u0131n \u00f6l\u00fcm ve y\u0131k\u0131m de\u011fil, karde\u015flik ve dayan\u0131\u015fma anlam\u0131na geldi\u011fi; \u00e7ocuklar\u0131n bombalar alt\u0131nda de\u011fil, \u00f6zg\u00fcr ve g\u00fcvenli bir d\u00fcnyada b\u00fcy\u00fcd\u00fc\u011f\u00fc bir gelecek istiyoruz.\u201d<\/strong><\/p>\n<p><strong>G\u00dcNDO\u011eDU MEYDANI\u2019NA Y\u00dcR\u00dcY\u00dc\u015e<\/strong><\/p>\n<p>Bas\u0131n a\u00e7\u0131klamas\u0131n\u0131n ard\u0131ndan kitle G\u00fcndo\u011fdu Meydan\u0131\u2019na do\u011fru y\u00fcr\u00fcy\u00fc\u015fe ge\u00e7ti.<\/p>\n<p>Bar\u0131\u015f y\u00fcr\u00fcy\u00fc\u015fleri \u00a0boyunca sava\u015f kar\u015f\u0131t\u0131, emek ve halklar\u0131n karde\u015fli\u011fi ve e\u015fitli\u011fi vurgulu \u201cYa\u015fas\u0131n halklar\u0131n karde\u015fli\u011fi!\u201d,\u201cYa\u015fas\u0131n halklar\u0131n e\u015fitli\u011fi!\u201d, \u201cEmperyalizm yenilecek, direnen halklar kazanacak!\u201d, \u201cSava\u015fa de\u011fil, emek\u00e7iye b\u00fct\u00e7e!\u201d, \u201cSava\u015fa de\u011fil, sa\u011fl\u0131\u011fa b\u00fct\u00e7e!\u201d,\u201cSusma, hayk\u0131r; halklar karde\u015ftir!\u201d,\u201cNefrete inat, ya\u015fas\u0131n hayat!\u201d, \u201cSava\u015fa hay\u0131r, bar\u0131\u015f hemen \u015fimdi!\u201d sloganlar at\u0131ld\u0131.<\/p>\n<p>G\u00fcndo\u011fdu Meydan\u0131\u2019na ula\u015fan kitle, sava\u015flarda ya\u015fam\u0131n\u0131 yitirenleri and\u0131. Sava\u015flarda hayat\u0131n\u0131 kaybedenler i\u00e7in denize karanfiller b\u0131rak\u0131ld\u0131.<\/p>\n<p>&nbsp;<\/p>\n<p>&nbsp;<\/p>\n","protected":false},"excerpt":{"rendered":"<p>\u0130zmir Emek ve Demokrasi G\u00fc\u00e7leri, 1 Eyl\u00fcl D\u00fcnya Bar\u0131\u015f G\u00fcn\u00fc\u2019nde sokaktayd\u0131: \u201cSava\u015fa de\u011fil, emek\u00e7iye b\u00fct\u00e7e!\u201d, \u201cSava\u015fa de\u011fil sa\u011fl\u0131\u011fa b\u00fct\u00e7e\u201d \u00d6SYM \u00f6n\u00fcnden ba\u015flayan y\u00fcr\u00fcy\u00fc\u015f G\u00fcndo\u011fdu Meydan\u0131\u2019nda son bulurken, sava\u015flarda ya\u015fam\u0131n\u0131 yitirenler i\u00e7in denize karanfiller b\u0131rak\u0131ld\u0131. D\u00fcnyan\u0131n d\u00f6rt bir yan\u0131nda sava\u015flar\u0131n, i\u015fgallerin, katliamlar\u0131n ve yoksullu\u011fun b\u00fcy\u00fcd\u00fc\u011f\u00fc bir d\u00f6nemde 1 Eyl\u00fcl D\u00fcnya Bar\u0131\u015f G\u00fcn\u00fc \u0130zmir\u2019de emek\u00e7ilerin ve demokrasi &hellip; <\/p>\n<p><a class=\"more-link btn\" href=\"https:\/\/www.imece-der.com\/?p=7194\">Continue reading<\/a><\/p>\n","protected":false},"author":1,"featured_media":0,"comment_status":"open","ping_status":"open","sticky":false,"template":"","format":"standard","meta":[],"categories":[1],"tags":[],"_links":{"self":[{"href":"https:\/\/www.imece-der.com\/index.php?rest_route=\/wp\/v2\/posts\/7194"}],"collection":[{"href":"https:\/\/www.imece-der.com\/index.php?rest_route=\/wp\/v2\/posts"}],"about":[{"href":"https:\/\/www.imece-der.com\/index.php?rest_route=\/wp\/v2\/types\/post"}],"author":[{"embeddable":true,"href":"https:\/\/www.imece-der.com\/index.php?rest_route=\/wp\/v2\/users\/1"}],"replies":[{"embeddable":true,"href":"https:\/\/www.imece-der.com\/index.php?rest_route=%2Fwp%2Fv2%2Fcomments&post=7194"}],"version-history":[{"count":2,"href":"https:\/\/www.imece-der.com\/index.php?rest_route=\/wp\/v2\/posts\/7194\/revisions"}],"predecessor-version":[{"id":7196,"href":"https:\/\/www.imece-der.com\/index.php?rest_route=\/wp\/v2\/posts\/7194\/revisions\/7196"}],"wp:attachment":[{"href":"https:\/\/www.imece-der.com\/index.php?rest_route=%2Fwp%2Fv2%2Fmedia&parent=7194"}],"wp:term":[{"taxonomy":"category","embeddable":true,"href":"https:\/\/www.imece-der.com\/index.php?rest_route=%2Fwp%2Fv2%2Fcategories&post=7194"},{"taxonomy":"post_tag","embeddable":true,"href":"https:\/\/www.imece-der.com\/index.php?rest_route=%2Fwp%2Fv2%2Ftags&post=7194"}],"curies":[{"name":"wp","href":"https:\/\/api.w.org\/{rel}","templated":true}]}}