{"id":7189,"date":"2026-09-01T12:23:12","date_gmt":"2026-09-01T09:23:12","guid":{"rendered":"https:\/\/www.imece-der.com\/?p=7189"},"modified":"2026-09-01T13:23:56","modified_gmt":"2026-09-01T10:23:56","slug":"1-eylul-dunya-baris-gunu","status":"publish","type":"post","link":"https:\/\/www.imece-der.com\/?p=7189","title":{"rendered":"1 EYL\u00dcL D\u00dcNYA BARI\u015e G\u00dcN\u00dc"},"content":{"rendered":"<p>&nbsp;<\/p>\n<p><a href=\"https:\/\/www.imece-der.com\/wp-content\/uploads\/2026\/09\/baris-afisi.jpg\"><img decoding=\"async\" loading=\"lazy\" class=\"aligncenter size-full wp-image-7190\" src=\"https:\/\/www.imece-der.com\/wp-content\/uploads\/2026\/09\/baris-afisi.jpg\" alt=\"\" width=\"1024\" height=\"727\" srcset=\"https:\/\/www.imece-der.com\/wp-content\/uploads\/2026\/09\/baris-afisi.jpg 1024w, https:\/\/www.imece-der.com\/wp-content\/uploads\/2026\/09\/baris-afisi-300x213.jpg 300w, https:\/\/www.imece-der.com\/wp-content\/uploads\/2026\/09\/baris-afisi-768x545.jpg 768w\" sizes=\"(max-width: 1024px) 100vw, 1024px\" \/><\/a><\/p>\n<p>Sava\u015f\u0131n, i\u015fgalin ve bask\u0131n\u0131n kar\u015f\u0131s\u0131nda bar\u0131\u015f, demokrasi ve \u00f6zg\u00fcrl\u00fck i\u00e7in m\u00fccadele<\/p>\n<p>1 Eyl\u00fcl 1939\u2019da siyasal ve ekonomik hegemonya kurma amac\u0131yla Nazi Almanyas\u0131\u2019n\u0131n Polonya\u2019y\u0131 i\u015fgaliyle ba\u015flayan, \u0130kinci D\u00fcnya Sava\u015f\u0131, insanl\u0131k tarihinin g\u00f6rd\u00fc\u011f\u00fc en b\u00fcy\u00fck y\u0131k\u0131mlardan birine yol a\u00e7t\u0131. Milyonlarca insan ulusal, etnik, din-mezhep farkl\u0131l\u0131klar\u0131ndan dolay\u0131 d\u00fc\u015fmanla\u015ft\u0131r\u0131ld\u0131, \u0131rk\u00e7\u0131l\u0131k, \u015f\u00f6venizm k\u0131\u015fk\u0131rt\u0131ld\u0131, etkin ideolojik arg\u00fcmanlar olarak kullan\u0131larak i\u015fkenceyle katledildi, k\u0131r\u0131ma u\u011frad\u0131, ya\u015fam\u0131n\u0131 yitirdi; kentler yok edildi, halklar yerlerinden edildi, toplumsal haf\u0131zalarda ku\u015faklar boyunca silinmeyecek ac\u0131lar b\u0131rak\u0131ld\u0131.<\/p>\n<p>1 Eyl\u00fcl bu nedenle yaln\u0131zca ge\u00e7mi\u015fte ya\u015fanan bir sava\u015f\u0131n y\u0131ld\u00f6n\u00fcm\u00fc de\u011fildir. Ayn\u0131 zamanda insanl\u0131\u011f\u0131n sava\u015flara, i\u015fgallere, militarizme, fa\u015fizme ve her t\u00fcrl\u00fc bask\u0131ya kar\u015f\u0131 \u201c<strong>B\u0130R DAHA ASLA<\/strong>\u201d deme g\u00fcn\u00fcd\u00fcr.<\/p>\n<p>Ancak bug\u00fcn, aradan ge\u00e7en onlarca y\u0131la ra\u011fmen d\u00fcnyan\u0131n farkl\u0131 b\u00f6lgelerinde sava\u015flar devam ediyor.<\/p>\n<p>Ukrayna-Rusya sava\u015f\u0131 b\u00fct\u00fcn y\u0131k\u0131c\u0131l\u0131\u011f\u0131yla s\u00fcrerken, emperyalist g\u00fc\u00e7lerin ve b\u00f6lgesel akt\u00f6rlerin \u00e7\u0131kar \u00e7at\u0131\u015fmalar\u0131 milyonlarca insan\u0131n ya\u015fam\u0131n\u0131 tehdit etmeye devam ediyor.<\/p>\n<p>Ortado\u011fu ise giderek daha b\u00fcy\u00fck bir sava\u015f ve \u00e7at\u0131\u015fma alan\u0131na d\u00f6n\u00fc\u015f\u00fcyor. Filistin\u2019de \u0130srail\u2019in sald\u0131r\u0131lar\u0131 ve i\u015fgali s\u00fcrerken, Suriye y\u0131llard\u0131r sava\u015f\u0131n, d\u0131\u015f m\u00fcdahalelerin ve istikrars\u0131zl\u0131\u011f\u0131n a\u011f\u0131r sonu\u00e7lar\u0131n\u0131 ya\u015famaktad\u0131r. ABD ve \u0130srail\u2019in \u0130ran\u2019a y\u00f6nelik sald\u0131r\u0131lar\u0131yla birlikte b\u00f6lgesel sava\u015f\u0131n kapsam\u0131 daha da geni\u015flemi\u015f; sava\u015f\u0131n Suriye, L\u00fcbnan, Irak ve b\u00fct\u00fcn b\u00f6lgeye yay\u0131lma ihtimali daha g\u00f6r\u00fcn\u00fcr hale gelmi\u015ftir.<\/p>\n<p>B\u00f6ylesi bir ortamda imzalanan ve b\u00f6lgesel g\u00fcvenlik mimarisinin par\u00e7as\u0131 olarak tart\u0131\u015f\u0131lan Mekke Anla\u015fmas\u0131, T\u00fcrkiye\u2019nin do\u011frudan taraf\u0131 olmad\u0131\u011f\u0131 b\u00f6lgesel \u00e7at\u0131\u015fmalar\u0131n i\u00e7erisine \u00e7ekilmesi bak\u0131m\u0131ndan ciddi sorun i\u015faretleri yaratmaktad\u0131r. T\u00fcrkiye\u2019nin d\u0131\u015f politikas\u0131n\u0131n halklar\u0131n sava\u015flar\u0131na taraf olmak yerine bar\u0131\u015ftan, diplomatik \u00e7\u00f6z\u00fcmden, egemenlik hakk\u0131ndan ve halklar\u0131n kendi kaderlerini belirleme hakk\u0131ndan yana olmas\u0131 gerekir.<\/p>\n<p>\u00c7\u00fcnk\u00fc sava\u015flar\u0131n bedelini sava\u015flar\u0131 planlayanlar de\u011fil \u00e7ocuklar, kad\u0131nlar, i\u015f\u00e7iler, emek\u00e7iler ve yoksul halklar \u00f6d\u00fcyor.<\/p>\n<p>BARI\u015e, SADECE S\u0130LAHLARIN SUSMASI DE\u011e\u0130LD\u0130R<\/p>\n<p>Bar\u0131\u015f, yaln\u0131zca sava\u015f u\u00e7aklar\u0131n\u0131n u\u00e7mad\u0131\u011f\u0131, bombalar\u0131n patlamad\u0131\u011f\u0131 \u00e7at\u0131\u015fmas\u0131zl\u0131k durumu de\u011fildir.<\/p>\n<p>Bar\u0131\u015f, insanlar\u0131n d\u00fc\u015f\u00fcnceleri nedeniyle tutuklanmad\u0131\u011f\u0131, gazetecilerin haber yapt\u0131klar\u0131 i\u00e7in cezaevine konulmad\u0131\u011f\u0131, avukatlar\u0131n mesleklerini yapt\u0131klar\u0131 i\u00e7in bask\u0131 g\u00f6rmedi\u011fi, se\u00e7ilmi\u015flerin halk\u0131n iradesi yok say\u0131larak g\u00f6revlerinden uzakla\u015ft\u0131r\u0131lmad\u0131\u011f\u0131; i\u015f\u00e7i ve emek\u00e7ilerin \u00e7al\u0131\u015farak hak ettikleri asgari de olsa \u00fccretlerinin aylarca \u00f6denmedi\u011fi, emek\u00e7ilerin e\u015fit i\u015fe e\u015fit \u00fccret istedikleri i\u00e7in darp edilmedikleri, \u00fczerlerine biber gaz\u0131 s\u0131k\u0131lmayan e\u015fitlik\u00e7i bir ortamd\u0131r.<\/p>\n<p>Bar\u0131\u015f, ya\u015fanan sava\u015flar sonras\u0131 halklar\u0131n, uluslar\u0131n m\u00fccadele yoluyla kazand\u0131klar\u0131 uluslararas\u0131 ilkelerin \u201chukuk\u201d olarak g\u00fcvenceye al\u0131nd\u0131\u011f\u0131 ve h\u00fck\u00fcmlerininin ulusal yasalar\u0131n da \u00fczerinde oldu\u011fu kabul edilen; hukukun \u00fcst\u00fcnl\u00fc\u011f\u00fcn\u00fcn, kuvvetler ayr\u0131l\u0131\u011f\u0131n\u0131n, ba\u011f\u0131ms\u0131z yarg\u0131n\u0131n ve temel hak ve \u00f6zg\u00fcrl\u00fcklerin g\u00fcvence alt\u0131nda oldu\u011fu demokratik bir ya\u015famd\u0131r.<\/p>\n<p>Bu nedenle T\u00fcrkiye\u2019de bug\u00fcn ya\u015fananlar\u0131 g\u00f6rmezden gelerek ger\u00e7ek bir bar\u0131\u015ftan s\u00f6z etmek m\u00fcmk\u00fcn de\u011fildir.<\/p>\n<p>T\u00dcRK\u0130YE\u2019DE BARI\u015eIN \u00d6N\u00dcNDEK\u0130 EN B\u00dcY\u00dcK ENGELLERDEN B\u0130R\u0130 DEMOKRAS\u0130 KR\u0130Z\u0130D\u0130R<\/p>\n<p>T\u00fcrkiye\u2019de uzun s\u00fcredir d\u00fc\u015f\u00fcnce ve ifade \u00f6zg\u00fcrl\u00fc\u011f\u00fcn\u00fc daraltan, toplant\u0131 ve g\u00f6steri hakk\u0131n\u0131 s\u0131n\u0131rlayan, muhalefeti bask\u0131 alt\u0131na alan, g\u00f6zalt\u0131 ve tutuklamay\u0131 siyasal m\u00fccadelede bir ara\u00e7 haline getiren a\u011f\u0131r bir y\u00f6netim anlay\u0131\u015f\u0131yla kar\u015f\u0131 kar\u015f\u0131yay\u0131z.<\/p>\n<p>Se\u00e7ilmi\u015f belediye ba\u015fkanlar\u0131n\u0131n tutuklanmas\u0131, g\u00f6revden uzakla\u015ft\u0131r\u0131lmas\u0131 ve yerlerine kayyum atanmas\u0131, yaln\u0131zca bir ki\u015finin \u00f6zg\u00fcrl\u00fc\u011f\u00fc meselesi de\u011fildir.<\/p>\n<p>Bu uygulamalar ayn\u0131 zamanda se\u00e7menin iradesine, sand\u0131\u011fa ve demokratik temsil hakk\u0131na y\u00f6nelik m\u00fcdahalelerdir.<\/p>\n<p>Gazeteciler \u00fczerindeki bask\u0131lar da devam etmektedir. T\u00fcrkiye Gazeteciler Sendikas\u0131&#8217;n\u0131n Temmuz 2026 verilerine g\u00f6re onlarca gazeteci ve medya \u00e7al\u0131\u015fan\u0131 cezaevindedir.<\/p>\n<p>Ayd\u0131nlar, akademisyenler, sanat\u00e7\u0131lar, insan haklar\u0131 savunucular\u0131, avukatlar ve muhalif siyaset\u00e7iler \u00fczerindeki bask\u0131lar; g\u00f6zalt\u0131, tutuklama ve ceza tehdidiyle birlikte d\u00fc\u015f\u00fcnce ve ifade \u00f6zg\u00fcrl\u00fc\u011f\u00fcn\u00fc a\u011f\u0131r bi\u00e7imde daraltmaktad\u0131r.<\/p>\n<p>HUKUK DEVLET\u0130 OLMADAN BARI\u015e OLMAZ<\/p>\n<p>KHK\u2019larla ihra\u00e7 edilen akademisyenlerin, \u00f6\u011fretmenlerin ve t\u00fcm kamu \u00e7al\u0131\u015fanlar\u0131n\u0131n g\u00f6revleri, \u00f6zl\u00fck haklar\u0131 ve u\u011frad\u0131klar\u0131 di\u011fer kay\u0131plar iade edilmelidir. Bar\u0131\u015f Akademisyenleri g\u00f6revlerine iade edilmelidir.<\/p>\n<p>\u0130hra\u00e7 edilenlerin haklar\u0131n\u0131 etkili bi\u00e7imde arayabilecekleri ba\u011f\u0131ms\u0131z, tarafs\u0131z ve adil bir hukuk yolu g\u00fcvence alt\u0131na al\u0131nmal\u0131d\u0131r.<\/p>\n<p>\u00c7\u00fcnk\u00fc ger\u00e7ek bir bar\u0131\u015f, ge\u00e7mi\u015fte ya\u015fanan hak ihlallerinin \u00fczerinin \u00f6rt\u00fclmesiyle de\u011fil; haklar\u0131n tan\u0131nmas\u0131, ma\u011fduriyetlerin giderilmesi ve adaletin sa\u011flanmas\u0131yla kurulabilir.<\/p>\n<p>GEZ\u0130 TUTSAKLARI \u00d6ZG\u00dcR OLMADAN DEMOKRAS\u0130DEN S\u00d6Z ED\u0130LEMEZ<\/p>\n<p>Gezi davas\u0131 kapsam\u0131nda Osman Kavala, Can Atalay, Tayfun Kahraman, \u00c7i\u011fdem Mater ve Mine \u00d6zerden ba\u015fta olmak \u00fczere verilen a\u011f\u0131r hapis cezalar\u0131 ve devam eden tutukluluklar, T\u00fcrkiye&#8217;nin demokrasi ve hukuk devleti bak\u0131m\u0131ndan en \u00f6nemli sorunlar\u0131ndan biri olmaya devam etmektedir.<\/p>\n<p>A\u0130HM\u2019in Osman Kavala hakk\u0131nda 25 A\u011fustos 2026 tarihinde verdi\u011fi yeni kararda T\u00fcrkiye\u2019yi yeniden mahk\u00fbm etmesi ve Kavala\u2019n\u0131n serbest b\u0131rak\u0131lmas\u0131 gerekti\u011fini belirtmesi, bu meselenin h\u00e2l\u00e2 \u00e7\u00f6z\u00fclemedi\u011fini a\u00e7\u0131k\u00e7a ortaya koymaktad\u0131r.<\/p>\n<p>Bir \u00fclkede Anayasa Mahkemesi ve Avrupa \u0130nsan Haklar\u0131 Mahkemesi kararlar\u0131n\u0131n uygulanmad\u0131\u011f\u0131 bir ortamda hukukun \u00fcst\u00fcnl\u00fc\u011f\u00fcnden s\u00f6z edilemez.<\/p>\n<p>A\u0130HM ve Anayasa Mahkemesi kararlar\u0131n\u0131n uygulanmas\u0131 bir iktidar\u0131n tercihi de\u011fil, anayasal ve uluslararas\u0131 hukuktan kaynaklanan bir y\u00fck\u00fcml\u00fcl\u00fckt\u00fcr.<\/p>\n<p>Bu nedenle; \u0130mza alt\u0131na al\u0131nan uluslar aras\u0131 s\u00f6zle\u015fmelerin gere\u011fi yerine getirilmelidir.<\/p>\n<p>AYM kararlar\u0131 uygulanmal\u0131d\u0131r. Hukukun \u00fcst\u00fcnl\u00fc\u011f\u00fc yeniden tesis edilmelidir.<\/p>\n<p>Yarg\u0131 ba\u011f\u0131ms\u0131zl\u0131\u011f\u0131 g\u00fcvence alt\u0131na al\u0131nmal\u0131d\u0131r.<\/p>\n<p>\u201cBARI\u015e\u201d S\u00d6YLEM\u0130, GER\u00c7EKL\u0130\u011e\u0130 \u00d6RTMEMEL\u0130D\u0130R<\/p>\n<p>Bug\u00fcn iktidar taraf\u0131ndan kullan\u0131lan bar\u0131\u015f s\u00f6ylemleri elbette dikkatle izlenmelidir.<\/p>\n<p>Ancak bar\u0131\u015f ad\u0131na yap\u0131lan a\u00e7\u0131klamalar, \u00fclkenin i\u00e7inde bulundu\u011fu ger\u00e7ekli\u011fi gizlememelidir.<\/p>\n<p>Bir yandan bar\u0131\u015ftan s\u00f6z edilirken di\u011fer yandan muhaliflerin tutukland\u0131\u011f\u0131, se\u00e7ilmi\u015f belediye ba\u015fkanlar\u0131n\u0131n g\u00f6revlerinden uzakla\u015ft\u0131r\u0131ld\u0131\u011f\u0131, kayy\u0131m uygulamalar\u0131n\u0131n s\u00fcrd\u00fc\u011f\u00fc, gazetecilerin cezaevinde tutuldu\u011fu, ayd\u0131nlar\u0131n ve insan haklar\u0131 savunucular\u0131n\u0131n bask\u0131 alt\u0131nda oldu\u011fu, Anayasa Mahkemesi ve A\u0130HM kararlar\u0131n\u0131n uygulanmad\u0131\u011f\u0131 bir ortamda ger\u00e7ek bir demokratikle\u015fmeden, bar\u0131\u015ftan s\u00f6z edilemez.<\/p>\n<p>Bar\u0131\u015f s\u00f6zle de\u011fil, hukukun gereklerinin yerine getirilmesiyle; \u00f6zg\u00fcrl\u00fckle, e\u015fitlikle; demokrasiyle; adaletle m\u00fcmk\u00fcnd\u00fcr.<\/p>\n<p>Ger\u00e7ek bar\u0131\u015f, toplumun b\u00fct\u00fcn kesimlerinin kat\u0131ld\u0131\u011f\u0131, \u015feffaf, demokratik ve hukuka dayal\u0131 bir s\u00fcre\u00e7le m\u00fcmk\u00fcnd\u00fcr.<\/p>\n<p>T\u00dcRK\u0130YE\u2019N\u0130N \u0130HT\u0130YACI BA\u011eIMSIZ, DEMOKRAT\u0130K VE BARI\u015e\u00c7IL B\u0130R \u00dcLKED\u0130R<\/p>\n<p>T\u00fcrkiye&#8217;nin ihtiyac\u0131, d\u0131\u015f politikada b\u00f6lgesel sava\u015flar\u0131n par\u00e7as\u0131 olmak de\u011fil; ba\u011f\u0131ms\u0131z, bar\u0131\u015f\u00e7\u0131 ve halklar\u0131n egemenlik hakk\u0131na sayg\u0131l\u0131 bir d\u0131\u015f politikad\u0131r.<\/p>\n<p>T\u00fcrkiye&#8217;nin ihtiyac\u0131, i\u00e7eride farkl\u0131 d\u00fc\u015f\u00fcnceleri susturmak de\u011fil; d\u00fc\u015f\u00fcnce ve ifade \u00f6zg\u00fcrl\u00fc\u011f\u00fcn\u00fc g\u00fcvence alt\u0131na alan demokratik bir hukuk devletidir.<\/p>\n<p>T\u00fcrkiye&#8217;nin ihtiyac\u0131, se\u00e7ilmi\u015fleri g\u00f6revden almak de\u011fil; sand\u0131kta ortaya \u00e7\u0131kan halk iradesine sayg\u0131 g\u00f6stermektir.<\/p>\n<p>T\u00fcrkiye&#8217;nin ihtiyac\u0131, sorunlar\u0131 bask\u0131 ve g\u00fcvenlik politikalar\u0131yla \u00e7\u00f6zmeye \u00e7al\u0131\u015fmak de\u011fil; toplumsal sorunlar\u0131 demokratik siyaset ve hukuk yoluyla \u00e7\u00f6zmektir.<\/p>\n<p>K\u00fcrt meselesi ba\u015fta olmak \u00fczere T\u00fcrkiye&#8217;nin b\u00fct\u00fcn temel sorunlar\u0131n\u0131n \u00e7\u00f6z\u00fcm yolu \u015fiddet, bask\u0131 ve g\u00fcvenlik\u00e7i politikalar de\u011fil, e\u015fit yurtta\u015fl\u0131k, demokratik siyaset, temel hak ve \u00f6zg\u00fcrl\u00fckler ve bar\u0131\u015f\u00e7\u0131l y\u00f6ntemlerdir.<\/p>\n<p>Kad\u0131nlar\u0131n e\u015fit olmad\u0131\u011f\u0131, gen\u00e7lerin geleceksiz b\u0131rak\u0131ld\u0131\u011f\u0131, e\u011fitim-\u00f6\u011fretimin bilimsel, demokratik, \u00f6zerk olmad\u0131\u011f\u0131, milyonlarca insan\u0131n yoksullukla m\u00fccadele etti\u011fi, do\u011fan\u0131n, ya\u015fam alanlar\u0131n\u0131n \u00a0sermayenin \u00e7\u0131karlar\u0131 u\u011fruna yok edildi\u011fi bir d\u00fczen de ger\u00e7ek anlamda bar\u0131\u015f\u00e7\u0131 de\u011fildir.<\/p>\n<p>\u00c7\u00fcnk\u00fc sava\u015f ile bask\u0131, s\u00f6m\u00fcr\u00fc ile e\u015fitsizlik, militarizm ile otoriterlik birbirinden ba\u011f\u0131ms\u0131z de\u011fildir.<\/p>\n<p>D\u00fcnyada sava\u015f \u00fcreten anlay\u0131\u015fa kar\u015f\u0131 \u00e7\u0131karken, \u00fclkemizde demokrasi ve hukuk m\u00fccadelesini b\u00fcy\u00fctmek zorunday\u0131z.<\/p>\n<p>Bar\u0131\u015f m\u00fccadelesi ayn\u0131 zamanda demokrasi m\u00fccadelesidir.<\/p>\n<p>\u00d6zg\u00fcrl\u00fck m\u00fccadelesidir.<\/p>\n<p>Adalet m\u00fccadelesidir.<\/p>\n<p>E\u015fitlik m\u00fccadelesidir.<\/p>\n<p>1 Eyl\u00fcl D\u00fcnya Bar\u0131\u015f G\u00fcn\u00fc\u2019nde bir kez daha s\u00f6yl\u00fcyoruz:<\/p>\n<p>Emperyalist sava\u015flara, i\u015fgallere ve militarizme hay\u0131r!<\/p>\n<p>Halklar\u0131 birbirine d\u00fc\u015fmanla\u015ft\u0131ran, sava\u015flara s\u00fcr\u00fckleyen politikalara hay\u0131r!<\/p>\n<p>Sava\u015f\u0131n T\u00fcrkiye\u2019yi ve b\u00f6lgemizi daha b\u00fcy\u00fck \u00e7at\u0131\u015fmalar\u0131n i\u00e7erisine s\u00fcr\u00fcklemesine hay\u0131r!<\/p>\n<p>Bask\u0131ya, zorbal\u0131\u011fa, keyfi tutuklamalara ve demokratik haklar\u0131n gasp\u0131na hay\u0131r!<\/p>\n<p>Se\u00e7ilmi\u015flerin iradesinin yok say\u0131lmas\u0131na hay\u0131r!<\/p>\n<p>AYM ve A\u0130HM kararlar\u0131n\u0131n uygulanmamas\u0131na hay\u0131r!<\/p>\n<p>Gezi tutsaklar\u0131 ve siyasi nedenlerle \u00f6zg\u00fcrl\u00fc\u011f\u00fcnden mahrum b\u0131rak\u0131lan herkes \u00f6zg\u00fcr b\u0131rak\u0131lmal\u0131d\u0131r!<\/p>\n<p>Ve bir kez daha:<\/p>\n<p>Halklar sava\u015f de\u011fil, bar\u0131\u015f istiyor.<\/p>\n<p>Halklar bask\u0131 de\u011fil, \u00f6zg\u00fcrl\u00fck istiyor.<\/p>\n<p>Bizim m\u00fccadelemiz, ba\u011f\u0131ms\u0131z, demokratik, laik, sosyal hukuk devletinin b\u00fct\u00fcn kurum ve kurallar\u0131yla ya\u015fad\u0131\u011f\u0131, insan haklar\u0131n\u0131n g\u00fcvence alt\u0131nda oldu\u011fu, halklar\u0131n e\u015fit ve \u00f6zg\u00fcr yurtta\u015flar olarak birlikte ya\u015fad\u0131\u011f\u0131, sava\u015f\u0131n de\u011fil bar\u0131\u015f\u0131n egemen oldu\u011fu bir T\u00fcrkiye ve d\u00fcnya i\u00e7indir.<\/p>\n<p>1 Eyl\u00fcl D\u00fcnya Bar\u0131\u015f G\u00fcn\u00fc\u2019nde; sava\u015fa, i\u015fgale, fa\u015fizme, militarizme, s\u00f6m\u00fcr\u00fcye ve bask\u0131ya kar\u015f\u0131 bar\u0131\u015f\u0131, demokrasiyi, \u00f6zg\u00fcrl\u00fc\u011f\u00fc ve halklar\u0131n karde\u015fli\u011fini savunuyoruz.<\/p>\n<p>Ya\u015fas\u0131n halklar\u0131n e\u015fitli\u011fi ve karde\u015fli\u011fi!<\/p>\n<p>Ya\u015fas\u0131n demokrasi ve \u00f6zg\u00fcrl\u00fck m\u00fccadelesi!<\/p>\n<p>Ya\u015fas\u0131n bar\u0131\u015f!<\/p>\n","protected":false},"excerpt":{"rendered":"<p>&nbsp; Sava\u015f\u0131n, i\u015fgalin ve bask\u0131n\u0131n kar\u015f\u0131s\u0131nda bar\u0131\u015f, demokrasi ve \u00f6zg\u00fcrl\u00fck i\u00e7in m\u00fccadele 1 Eyl\u00fcl 1939\u2019da siyasal ve ekonomik hegemonya kurma amac\u0131yla Nazi Almanyas\u0131\u2019n\u0131n Polonya\u2019y\u0131 i\u015fgaliyle ba\u015flayan, \u0130kinci D\u00fcnya Sava\u015f\u0131, insanl\u0131k tarihinin g\u00f6rd\u00fc\u011f\u00fc en b\u00fcy\u00fck y\u0131k\u0131mlardan birine yol a\u00e7t\u0131. Milyonlarca insan ulusal, etnik, din-mezhep farkl\u0131l\u0131klar\u0131ndan dolay\u0131 d\u00fc\u015fmanla\u015ft\u0131r\u0131ld\u0131, \u0131rk\u00e7\u0131l\u0131k, \u015f\u00f6venizm k\u0131\u015fk\u0131rt\u0131ld\u0131, etkin ideolojik arg\u00fcmanlar olarak kullan\u0131larak i\u015fkenceyle &hellip; <\/p>\n<p><a class=\"more-link btn\" href=\"https:\/\/www.imece-der.com\/?p=7189\">Continue reading<\/a><\/p>\n","protected":false},"author":1,"featured_media":0,"comment_status":"open","ping_status":"open","sticky":false,"template":"","format":"standard","meta":[],"categories":[1],"tags":[],"_links":{"self":[{"href":"https:\/\/www.imece-der.com\/index.php?rest_route=\/wp\/v2\/posts\/7189"}],"collection":[{"href":"https:\/\/www.imece-der.com\/index.php?rest_route=\/wp\/v2\/posts"}],"about":[{"href":"https:\/\/www.imece-der.com\/index.php?rest_route=\/wp\/v2\/types\/post"}],"author":[{"embeddable":true,"href":"https:\/\/www.imece-der.com\/index.php?rest_route=\/wp\/v2\/users\/1"}],"replies":[{"embeddable":true,"href":"https:\/\/www.imece-der.com\/index.php?rest_route=%2Fwp%2Fv2%2Fcomments&post=7189"}],"version-history":[{"count":1,"href":"https:\/\/www.imece-der.com\/index.php?rest_route=\/wp\/v2\/posts\/7189\/revisions"}],"predecessor-version":[{"id":7193,"href":"https:\/\/www.imece-der.com\/index.php?rest_route=\/wp\/v2\/posts\/7189\/revisions\/7193"}],"wp:attachment":[{"href":"https:\/\/www.imece-der.com\/index.php?rest_route=%2Fwp%2Fv2%2Fmedia&parent=7189"}],"wp:term":[{"taxonomy":"category","embeddable":true,"href":"https:\/\/www.imece-der.com\/index.php?rest_route=%2Fwp%2Fv2%2Fcategories&post=7189"},{"taxonomy":"post_tag","embeddable":true,"href":"https:\/\/www.imece-der.com\/index.php?rest_route=%2Fwp%2Fv2%2Ftags&post=7189"}],"curies":[{"name":"wp","href":"https:\/\/api.w.org\/{rel}","templated":true}]}}