{"id":7179,"date":"2026-08-31T17:54:32","date_gmt":"2026-08-31T14:54:32","guid":{"rendered":"https:\/\/www.imece-der.com\/?p=7179"},"modified":"2026-08-31T18:06:26","modified_gmt":"2026-08-31T15:06:26","slug":"ali-aydin-davasi-2-eylulde-ortak-cagri-cezasizliga-izin-vermeyecegiz-cinayetin-butun-yonleri-ortaya-cikarilsin-hakikat-ortaya-cikana-kadar-mucadele-edecegiz","status":"publish","type":"post","link":"https:\/\/www.imece-der.com\/?p=7179","title":{"rendered":"Ali Ayd\u0131n Davas\u0131 2 Eyl\u00fcl\u2019de, Ortak \u00c7a\u011fr\u0131: Cezas\u0131zl\u0131\u011fa izin vermeyece\u011fiz, cinayetin b\u00fct\u00fcn y\u00f6nleri ortaya \u00e7\u0131kar\u0131ls\u0131n, hakikat ortaya \u00e7\u0131kana kadar m\u00fccadele edece\u011fiz!"},"content":{"rendered":"<p>&nbsp;<\/p>\n<p><a href=\"https:\/\/www.imece-der.com\/wp-content\/uploads\/2026\/08\/aliaydinbaro2-e1788187904243.jpeg\"><img decoding=\"async\" loading=\"lazy\" class=\"aligncenter size-full wp-image-7180\" src=\"https:\/\/www.imece-der.com\/wp-content\/uploads\/2026\/08\/aliaydinbaro2-e1788187904243.jpeg\" alt=\"\" width=\"1800\" height=\"963\" srcset=\"https:\/\/www.imece-der.com\/wp-content\/uploads\/2026\/08\/aliaydinbaro2-e1788187904243.jpeg 1800w, https:\/\/www.imece-der.com\/wp-content\/uploads\/2026\/08\/aliaydinbaro2-e1788187904243-300x161.jpeg 300w, https:\/\/www.imece-der.com\/wp-content\/uploads\/2026\/08\/aliaydinbaro2-e1788187904243-1024x548.jpeg 1024w, https:\/\/www.imece-der.com\/wp-content\/uploads\/2026\/08\/aliaydinbaro2-e1788187904243-768x411.jpeg 768w, https:\/\/www.imece-der.com\/wp-content\/uploads\/2026\/08\/aliaydinbaro2-e1788187904243-1536x822.jpeg 1536w, https:\/\/www.imece-der.com\/wp-content\/uploads\/2026\/08\/aliaydinbaro2-e1788187904243-750x400.jpeg 750w\" sizes=\"(max-width: 1800px) 100vw, 1800px\" \/><\/a><\/p>\n<p><strong>Ali Ayd\u0131n davas\u0131 \u00f6ncesi ortak \u00e7a\u011fr\u0131: \u201cCezas\u0131zl\u0131\u011fa izin vermeyece\u011fiz, hakikat ortaya \u00e7\u0131kana kadar m\u00fccadele edece\u011fiz\u201d<\/strong><\/p>\n<p>\u0130nsan haklar\u0131 savunucusu ve \u00f6nceki d\u00f6nem \u0130nsan Haklar\u0131 Derne\u011fi (\u0130HD) \u0130zmir \u015eubesi E\u015f Ba\u015fkan\u0131 avukat Ali Ayd\u0131n\u2019\u0131n 14 Ocak 2026\u2019da sabah y\u00fcr\u00fcy\u00fc\u015f\u00fc yapt\u0131\u011f\u0131 s\u0131rada \u00f6ld\u00fcr\u00fclmesine ili\u015fkin davan\u0131n ilk duru\u015fmas\u0131 2 Eyl\u00fcl \u00c7ar\u015famba g\u00fcn\u00fc saat 09.30\u2019da Kar\u015f\u0131yaka 1. A\u011f\u0131r Ceza Mahkemesi\u2019nde g\u00f6r\u00fclecek. Ayd\u0131n\u2019\u0131n ailesi, meslekta\u015flar\u0131 ve insan haklar\u0131 \u00f6rg\u00fctleri, cinayetin yaln\u0131zca san\u0131\u011f\u0131n bireysel eylemiyle a\u00e7\u0131klanamayaca\u011f\u0131n\u0131 belirterek olay\u0131n b\u00fct\u00fcn y\u00f6nleriyle ara\u015ft\u0131r\u0131lmas\u0131, varsa t\u00fcm sorumluluk ili\u015fkilerinin ortaya \u00e7\u0131kar\u0131lmas\u0131 ve maddi ger\u00e7e\u011fin a\u00e7\u0131\u011fa \u00e7\u0131kar\u0131lmas\u0131 \u00e7a\u011fr\u0131s\u0131nda bulundu.<\/p>\n<p>Bilgilendirme toplant\u0131s\u0131 \u0130zmir Barosu Avukat Nevzat Erdemir Konferans Salonu\u2019nda yap\u0131ld\u0131. Toplant\u0131ya \u0130zmir Barosu Ba\u015fkan\u0131 Sefa Y\u0131lmaz, \u0130HD \u0130zmir \u015eubesi E\u015f Ba\u015fkan\u0131 ve davan\u0131n avukatlar\u0131ndan Ahmet Rodi Polat, \u0130HD Genel E\u015f Ba\u015fkan\u0131 Cihan Ayd\u0131n ile Ali Ayd\u0131n\u2019\u0131n e\u015fi K\u0131zbes Ayd\u0131n kat\u0131ld\u0131. Toplant\u0131n\u0131n a\u00e7\u0131l\u0131\u015f konu\u015fmas\u0131n\u0131 \u0130zmir Barosu Ba\u015fkan\u0131 Sefa Y\u0131lmaz yapt\u0131.<\/p>\n<p>A\u00e7\u0131klamalarda ortakla\u015fan vurgu, Ali Ayd\u0131n cinayetinin s\u0131radan bir adli olay olarak ele al\u0131nmamas\u0131 ve dosyan\u0131n yaln\u0131zca g\u00f6r\u00fcnen fail \u00fczerinden kapat\u0131lmamas\u0131 oldu. \u0130nsan haklar\u0131 \u00f6rg\u00fctleri, cinayetin haz\u0131rl\u0131k s\u00fcrecinin, Ayd\u0131n\u2019\u0131n neden ve nas\u0131l hedef se\u00e7ildi\u011finin, olay \u00f6ncesi ve sonras\u0131ndaki ili\u015fkilerin ve varsa azmettirme ya da yard\u0131m ba\u011flant\u0131lar\u0131n\u0131n b\u00fct\u00fcnl\u00fckl\u00fc bi\u00e7imde ara\u015ft\u0131r\u0131lmas\u0131n\u0131 istedi.<\/p>\n<p><strong>Sefa Y\u0131lmaz: \u201cAli Ayd\u0131n\u2019\u0131 kalbimize g\u00f6md\u00fck, m\u00fccadelesini yar\u0131nlara ta\u015f\u0131yaca\u011f\u0131z\u201d<\/strong><\/p>\n<p>Toplant\u0131n\u0131n a\u00e7\u0131l\u0131\u015f\u0131nda konu\u015fan \u0130zmir Barosu Ba\u015fkan\u0131 Sefa Y\u0131lmaz, Ali Ayd\u0131n\u2019\u0131n yaln\u0131zca bir avukat olmad\u0131\u011f\u0131n\u0131, ayn\u0131 zamanda uzun y\u0131llar boyunca insan haklar\u0131 m\u00fccadelesinin i\u00e7erisinde yer alan bir hak savunucusu ve aktivist oldu\u011funu vurgulad\u0131.<\/p>\n<p>Y\u0131lmaz, Ayd\u0131n\u2019\u0131n hukuk\u00e7u kimli\u011finin \u00f6tesinde, ya\u015fam\u0131n\u0131 ezilenlerin, kad\u0131nlar\u0131n ve \u00e7ocuklar\u0131n yan\u0131nda m\u00fccadele ederek ge\u00e7irdi\u011fine dikkat \u00e7ekti.<\/p>\n<p>\u201cEzilenlerin yan\u0131ndayd\u0131, kad\u0131nlar\u0131n, \u00e7ocuklar\u0131n yan\u0131ndayd\u0131 ve bu m\u00fccadelesini bir \u00f6m\u00fcr boyu devam ettirdi\u201d diyen Y\u0131lmaz, Ali Ayd\u0131n\u2019\u0131n \u00f6l\u00fcm\u00fcn\u00fcn ard\u0131ndan m\u00fccadelenin sonland\u0131r\u0131lmayaca\u011f\u0131n\u0131 belirtti.<\/p>\n<p>Y\u0131lmaz, Ayd\u0131n\u2019\u0131n cinayetinin ger\u00e7ek nedenleri ortaya \u00e7\u0131kar\u0131lmadan m\u00fccadeleden vazge\u00e7meyeceklerini ifade ederek, \u201cAli Ayd\u0131n\u2019\u0131 kalbimize g\u00f6md\u00fck. Onun m\u00fccadelesini yar\u0131nlara ta\u015f\u0131mak \u00fczere devam edece\u011fiz\u201d mesaj\u0131n\u0131 verdi.<\/p>\n<p><strong>Ayd\u0131n\u2019\u0131n menfur bir cinayetle aralar\u0131ndan ayr\u0131ld\u0131\u011f\u0131n\u0131 belirten Y\u0131lmaz, 2 Eyl\u00fcl\u2019de g\u00f6r\u00fclecek ilk duru\u015fmaya dayan\u0131\u015fma amac\u0131yla kat\u0131l\u0131m \u00e7a\u011fr\u0131s\u0131 yapt\u0131.<\/strong><\/p>\n<p>Baro Ba\u015fkan\u0131 Y\u0131lmaz ayr\u0131ca <strong>ilk duru\u015fman\u0131n 2 Eyl\u00fcl 2026 \u00c7ar\u015famba g\u00fcn\u00fc saat 09.30\u2019da Kar\u015f\u0131yaka 1. A\u011f\u0131r Ceza Mahkemesi\u2019nde<\/strong> g\u00f6r\u00fclece\u011fini belirterek, duru\u015fman\u0131n yap\u0131laca\u011f\u0131 salon konusunda hen\u00fcz kesinlik bulunmad\u0131\u011f\u0131n\u0131, Kar\u015f\u0131yaka Adliyesi veya \u0130zmir Adliyesi\u2019ndeki daha b\u00fcy\u00fck salonlardan birinin g\u00fcndemde oldu\u011funu ifade etti.<\/p>\n<p>Y\u0131lmaz\u2019\u0131n konu\u015fmas\u0131n\u0131n temel eksenini, Ali Ayd\u0131n\u2019\u0131n hukuk\u00e7u kimli\u011finin yan\u0131 s\u0131ra bir insan haklar\u0131 savunucusu olarak verdi\u011fi m\u00fccadelenin devam ettirilmesi ve cinayetin ger\u00e7ek nedenleri ortaya \u00e7\u0131kar\u0131lana kadar davan\u0131n takip edilmesi olu\u015fturdu.<\/p>\n<p><a href=\"https:\/\/www.imece-der.com\/wp-content\/uploads\/2026\/08\/aliaydinbarotop.2-e1788188053234.jpeg\"><img decoding=\"async\" loading=\"lazy\" class=\"aligncenter size-full wp-image-7182\" src=\"https:\/\/www.imece-der.com\/wp-content\/uploads\/2026\/08\/aliaydinbarotop.2-e1788188053234.jpeg\" alt=\"\" width=\"1600\" height=\"1200\" srcset=\"https:\/\/www.imece-der.com\/wp-content\/uploads\/2026\/08\/aliaydinbarotop.2-e1788188053234.jpeg 1600w, https:\/\/www.imece-der.com\/wp-content\/uploads\/2026\/08\/aliaydinbarotop.2-e1788188053234-300x225.jpeg 300w, https:\/\/www.imece-der.com\/wp-content\/uploads\/2026\/08\/aliaydinbarotop.2-e1788188053234-1024x768.jpeg 1024w, https:\/\/www.imece-der.com\/wp-content\/uploads\/2026\/08\/aliaydinbarotop.2-e1788188053234-768x576.jpeg 768w, https:\/\/www.imece-der.com\/wp-content\/uploads\/2026\/08\/aliaydinbarotop.2-e1788188053234-1536x1152.jpeg 1536w\" sizes=\"(max-width: 1600px) 100vw, 1600px\" \/><\/a><\/p>\n<p><strong>Rodi Polat: \u201cBu cinayet s\u0131radan bir adli olaya indirgenemez\u201d<\/strong><\/p>\n<p>\u0130HD \u0130zmir \u015eubesi E\u015f Ba\u015fkan\u0131 ve davan\u0131n avukatlar\u0131ndan Ahmet Rodi Polat ise Ali Ayd\u0131n\u2019\u0131n \u00f6l\u00fcm\u00fcn\u00fcn ard\u0131ndan aradan ge\u00e7en aylar\u0131n ac\u0131y\u0131 azaltmad\u0131\u011f\u0131n\u0131, \u00f6fkeyi dindirmedi\u011fini s\u00f6yledi.<\/p>\n<p>Polat, Ayd\u0131n\u2019\u0131n kendileri i\u00e7in yaln\u0131zca bir meslekta\u015f veya kurum y\u00f6neticisi olmad\u0131\u011f\u0131n\u0131 belirterek, \u201cdostumuz, yol arkada\u015f\u0131m\u0131z ve Ali abimiz\u201d oldu\u011funu ifade etti.<\/p>\n<p>Ali Ayd\u0131n\u2019\u0131n \u0130HD \u0130zmir \u015eubesi\u2019nin \u00f6nceki d\u00f6nem e\u015f ba\u015fkan\u0131, \u0130HD Ege B\u00f6lge Temsilcisi ve Merkez Y\u00f6netim Kurulu \u00fcyesi oldu\u011funu hat\u0131rlatan Polat, Ayd\u0131n\u2019\u0131n \u00c7a\u011fda\u015f Hukuk\u00e7ular Derne\u011fi\u2019nde ve \u00d6zg\u00fcrl\u00fck \u0130\u00e7in Hukuk\u00e7ular Derne\u011fi\u2019nde de aktif \u00e7al\u0131\u015fmalar y\u00fcr\u00fctt\u00fc\u011f\u00fcn\u00fc s\u00f6yledi.<\/p>\n<p>\u00d6\u011fretmenlikten avukatl\u0131\u011fa uzanan ya\u015fam\u0131 boyunca ezilenlerin, ayr\u0131mc\u0131l\u0131\u011fa u\u011frayanlar\u0131n, mahpuslar\u0131n ve hak ihlaline maruz b\u0131rak\u0131lanlar\u0131n yan\u0131nda yer alan Ayd\u0131n\u2019\u0131n, hapishanelerdeki ihlalleri g\u00f6r\u00fcn\u00fcr k\u0131ld\u0131\u011f\u0131n\u0131 ve adliye koridorlar\u0131nda ma\u011fdurlar\u0131n sesi oldu\u011funu belirtti.<\/p>\n<p>Polat, Ayd\u0131n\u2019\u0131n insan haklar\u0131n\u0131 soyut hukuk kurallar\u0131 olarak de\u011fil, ya\u015fam\u0131n her alan\u0131nda savunulmas\u0131 gereken bir onur ve \u00f6zg\u00fcrl\u00fck m\u00fccadelesi olarak g\u00f6rd\u00fc\u011f\u00fcn\u00fc s\u00f6yledi.<\/p>\n<p>Ayd\u0131n\u2019\u0131n kimli\u011finin, savundu\u011fu de\u011ferlerin ve y\u0131llard\u0131r s\u00fcrd\u00fcrd\u00fc\u011f\u00fc hak m\u00fccadelesinin cinayet dosyas\u0131ndan kopar\u0131lamayaca\u011f\u0131n\u0131 belirten Polat, \u201cOnun kimli\u011fini, savundu\u011fu de\u011ferleri ve y\u0131llard\u0131r s\u00fcrd\u00fcrd\u00fc\u011f\u00fc hak m\u00fccadelesini cinayet dosyas\u0131n\u0131n d\u0131\u015f\u0131nda b\u0131rakmak, Ali Ayd\u0131n\u2019\u0131 ya\u015fam\u0131ndan, s\u00f6z\u00fcnden ve politik varolu\u015fundan koparmak anlam\u0131na gelir\u201d dedi.<\/p>\n<p>\u201cMeczup anlat\u0131s\u0131 somut delillerin yerini alamaz\u201d<\/p>\n<p>Polat, cinayetin ard\u0131ndan san\u0131\u011f\u0131n ki\u015fisel \u00f6zelliklerine indirgenen bir \u201cmeczup\u201d anlat\u0131s\u0131n\u0131n olu\u015fturuldu\u011funu belirterek, bunun somut delillere dayal\u0131 ara\u015ft\u0131rman\u0131n ve hukuki de\u011ferlendirmenin yerini alamayaca\u011f\u0131n\u0131 s\u00f6yledi.<\/p>\n<p>Ayn\u0131 zamanda ruhsal farkl\u0131l\u0131klar\u0131 \u015fiddetle \u00f6zde\u015fle\u015ftiren bu dilin ayr\u0131mc\u0131 oldu\u011funu ve cinayeti toplumsal ba\u011flam\u0131ndan kopard\u0131\u011f\u0131n\u0131 belirten Polat, cinayetin nedeninin fail hakk\u0131nda \u00fcretilen s\u0131fatlarla de\u011fil, b\u00fct\u00fcn delillerin birlikte de\u011ferlendirilmesiyle ortaya \u00e7\u0131kar\u0131labilece\u011fini vurgulad\u0131.<\/p>\n<p>Polat\u2019a g\u00f6re hedef se\u00e7imi, olay \u00f6ncesindeki haz\u0131rl\u0131k, ileti\u015fim ve hareket kay\u0131tlar\u0131, dijital materyaller, olay sonras\u0131ndaki ili\u015fkiler ve di\u011fer b\u00fct\u00fcn deliller birlikte de\u011ferlendirilmeliydi.<\/p>\n<p>\u201cCeza yarg\u0131lamas\u0131n\u0131n g\u00f6revi haz\u0131r bir anlat\u0131y\u0131 onaylamak de\u011fil, maddi ger\u00e7e\u011fe ula\u015fmakt\u0131r\u201d diyen Polat, san\u0131\u011f\u0131n Ali Ayd\u0131n\u2019\u0131 nas\u0131l ve neden hedef ald\u0131\u011f\u0131n\u0131n, olay \u00f6ncesi ve sonras\u0131nda kimlerle ileti\u015fim kurdu\u011funun ve yard\u0131m ya da y\u00f6nlendirme ili\u015fkilerinin bulunup bulunmad\u0131\u011f\u0131n\u0131n etkili bi\u00e7imde ara\u015ft\u0131r\u0131lmas\u0131 gerekti\u011fini s\u00f6yledi.<\/p>\n<p>\u201cCezas\u0131zl\u0131k prati\u011finin Ali Ayd\u0131n davas\u0131nda yeniden \u00fcretilmesine izin vermeyece\u011fiz\u201d<\/p>\n<p>Polat, insan haklar\u0131 savunucular\u0131, hukuk\u00e7ular, gazeteciler, ayd\u0131nlar ve demokratik siyaset alan\u0131nda m\u00fccadele edenlere y\u00f6nelik cinayetlerin tarihinin ayn\u0131 zamanda cezas\u0131zl\u0131\u011f\u0131n da tarihi oldu\u011funu belirtti.<\/p>\n<p>Vedat Ayd\u0131n\u2019dan Musa Anter\u2019e, Hrant Dink\u2019ten Tahir El\u00e7i\u2019ye, Deniz Poyraz\u2019dan ad\u0131n\u0131 sayamad\u0131klar\u0131 bir\u00e7ok ki\u015fiye uzanan bu tarih i\u00e7erisinde toplumsal ve siyasal ba\u011flam\u0131n \u00e7o\u011fu kez yok say\u0131ld\u0131\u011f\u0131n\u0131 belirten Polat, sorumlulu\u011fun yaln\u0131zca g\u00f6r\u00fcn\u00fcrdeki ki\u015fiyle s\u0131n\u0131rland\u0131r\u0131ld\u0131\u011f\u0131n\u0131 s\u00f6yledi.<\/p>\n<p>Anayasa\u2019n\u0131n 17. maddesi ve Avrupa \u0130nsan Haklar\u0131 S\u00f6zle\u015fmesi\u2019nin 2. maddesi uyar\u0131nca devletin do\u011fal olmayan \u00f6l\u00fcmlerde etkili soru\u015fturma ve kovu\u015fturma y\u00fcr\u00fctmekle y\u00fck\u00fcml\u00fc oldu\u011funu hat\u0131rlatan Polat, ya\u015fam hakk\u0131n\u0131 koruyan yarg\u0131laman\u0131n ger\u00e7ek bir hesap verme s\u00fcreci olmas\u0131 gerekti\u011fini vurgulad\u0131.<\/p>\n<p>Hrant Dink cinayetinde Avrupa \u0130nsan Haklar\u0131 Mahkemesi\u2019nin kamu makamlar\u0131n\u0131n ya\u015fam\u0131 koruma ve etkili soru\u015fturma y\u00fcr\u00fctme y\u00fck\u00fcml\u00fcl\u00fcklerini ihlal etti\u011fine karar verdi\u011fini hat\u0131rlatan Polat, Tahir El\u00e7i cinayetinde maddi ger\u00e7e\u011fin h\u00e2l\u00e2 ortaya \u00e7\u0131kar\u0131lmad\u0131\u011f\u0131n\u0131, Deniz Poyraz cinayetinde ise sald\u0131r\u0131n\u0131n siyasal ba\u011flam\u0131n\u0131 g\u00f6r\u00fcnmez k\u0131lan yaln\u0131z fail anlat\u0131s\u0131yla kar\u015f\u0131la\u015f\u0131ld\u0131\u011f\u0131n\u0131 s\u00f6yledi.<\/p>\n<p>\u201cBu cezas\u0131zl\u0131k prati\u011finin Ali Ayd\u0131n davas\u0131nda yeniden \u00fcretilmesine izin vermeyece\u011fiz\u201d diyen Polat, adalet talebinin yaln\u0131zca bir ki\u015finin cezaland\u0131r\u0131lmas\u0131na indirgenemeyece\u011fini belirtti.<\/p>\n<p>\u201cAdalet, cinayetin b\u00fct\u00fcn y\u00f6nleriyle ayd\u0131nlat\u0131lmas\u0131, sorumluluk ili\u015fkilerinin ortaya \u00e7\u0131kar\u0131lmas\u0131 ve hakikatin toplumdan saklanmamas\u0131d\u0131r\u201d dedi.<\/p>\n<p>Polat, Ali Ayd\u0131n cinayetinin ailesinin ve birlikte m\u00fccadele etti\u011fi kurumlar\u0131n s\u0131n\u0131rlar\u0131 i\u00e7inde kapat\u0131lacak bir dava olmad\u0131\u011f\u0131n\u0131 belirterek, davay\u0131 insan haklar\u0131 savunucular\u0131n\u0131n korkmadan ya\u015fayabildi\u011fi, avukatlar\u0131n hedef g\u00f6sterilmedi\u011fi ve siyasi cinayetlerin cezas\u0131z b\u0131rak\u0131lmad\u0131\u011f\u0131 bir \u00fclke isteyen herkesin davas\u0131 olarak tan\u0131mlad\u0131.<\/p>\n<p><strong>Cihan Ayd\u0131n: \u201cBu bizim kaderimiz gibi ama biz bu kadere itiraz ediyoruz\u201d<\/strong><\/p>\n<p>\u0130HD Genel E\u015f Ba\u015fkan\u0131 Cihan Ayd\u0131n ise \u0130zmir\u2019de b\u00f6yle bir nedenle bulunman\u0131n kendileri a\u00e7\u0131s\u0131ndan son derece \u00fcz\u00fcnt\u00fc verici oldu\u011funu s\u00f6yledi.<\/p>\n<p>\u0130HD\u2019nin 23 \u00fcyesinin bu ve benzer bi\u00e7imlerde katledildi\u011fini, bunlar\u0131n \u00f6nemli b\u00f6l\u00fcm\u00fcnde faillerin h\u00e2l\u00e2 bilinmedi\u011fini belirten Ayd\u0131n, \u201cAsl\u0131nda biz biliyoruz, herkes biliyor\u201d diyerek cezas\u0131zl\u0131k politikas\u0131yla ger\u00e7eklerin kamuoyundan gizlenmesinin bir devlet al\u0131\u015fkanl\u0131\u011f\u0131 haline geldi\u011fini s\u00f6yledi.<\/p>\n<p>Tahir El\u00e7i cinayetini hat\u0131rlatan Ayd\u0131n, onlarca kameran\u0131n g\u00f6z\u00fc \u00f6n\u00fcnde ger\u00e7ekle\u015fen bir cinayette dahi sonucun ortada oldu\u011funu belirtti.<\/p>\n<p>Hak ve hukuk m\u00fccadelesi y\u00fcr\u00fcten insanlar\u0131n bu t\u00fcr ac\u0131lar\u0131 ve kay\u0131plar\u0131 s\u0131k s\u0131k ya\u015fad\u0131\u011f\u0131n\u0131 belirten Ayd\u0131n, \u201cBu bizim bir nevi kaderimiz gibi ama biz bu kadere itiraz ediyoruz\u201d dedi.<\/p>\n<p>Bu kaderi de\u011fi\u015ftirmek i\u00e7in \u0131srarla hak ve hukuk m\u00fccadelesi y\u00fcr\u00fctt\u00fcklerini s\u00f6yleyen Ayd\u0131n, \u201cBir daha bunlar ya\u015fanmas\u0131n\u201d diye m\u00fccadele ettiklerini ancak ayn\u0131 \u015fiddetin bu kez Ali Ayd\u0131n\u2019\u0131 buldu\u011funu ifade etti.<\/p>\n<p>Ayd\u0131n, cinayette kim varsa b\u00fct\u00fcn a\u00e7\u0131kl\u0131\u011f\u0131yla ortaya \u00e7\u0131kar\u0131lmas\u0131 gerekti\u011fini belirterek, varsa cinayetin arkas\u0131ndaki ba\u011flant\u0131lar\u0131n ve sorumlular\u0131n a\u00e7\u0131\u011fa \u00e7\u0131kar\u0131lmas\u0131 i\u00e7in m\u00fccadeleyi s\u00fcrd\u00fcreceklerini s\u00f6yledi.<\/p>\n<p>Davay\u0131 \u0130zmir Barosu, \u00c7a\u011fda\u015f Hukuk\u00e7ular Derne\u011fi, \u00d6zg\u00fcrl\u00fck \u0130\u00e7in Hukuk\u00e7ular Derne\u011fi ve \u0130nsan Haklar\u0131 Derne\u011fi olarak ba\u015f\u0131ndan beri birlikte takip ettiklerini belirten Ayd\u0131n, bug\u00fcne kadar dayan\u0131\u015fma g\u00f6steren kurumlara, ba\u015fkanlara, y\u00f6netim kurullar\u0131na ve meslekta\u015flara te\u015fekk\u00fcr etti.<\/p>\n<p>\u201cBundan sonra da bu dayan\u0131\u015fmay\u0131 b\u00fcy\u00fctece\u011fiz\u201d diyen Cihan Ayd\u0131n, 2 Eyl\u00fcl\u2019de b\u00fct\u00fcn dostlar\u0131, yolda\u015flar\u0131 ve arkada\u015flar\u0131 duru\u015fmaya kat\u0131lmaya \u00e7a\u011f\u0131rd\u0131.<\/p>\n<p><strong>K\u0131zbes Ayd\u0131n: \u201cAli Ayd\u0131n \u00f6lmedi, hepiniz birer Ali Ayd\u0131n\u2019s\u0131n\u0131z\u201d<\/strong><\/p>\n<p>Toplant\u0131n\u0131n en g\u00fc\u00e7l\u00fc emek ve m\u00fccadele vurgusu ise Ali Ayd\u0131n\u2019\u0131n e\u015fi K\u0131zbes Ayd\u0131n\u2019\u0131n konu\u015fmas\u0131nda ortaya \u00e7\u0131kt\u0131.<\/p>\n<p>K\u0131zbes Ayd\u0131n, g\u00f6sterilen dayan\u0131\u015fma nedeniyle te\u015fekk\u00fcr ederek ba\u015flad\u0131\u011f\u0131 konu\u015fmas\u0131nda, \u201cAli Ayd\u0131n \u00f6lmedi. Hepiniz birer Ali Ayd\u0131n\u2019s\u0131n\u0131z\u201d dedi.<\/p>\n<p>\u0130zmir Barosu\u2019na, \u0130nsan Haklar\u0131 Derne\u011fi\u2019ne, \u00c7a\u011fda\u015f Hukuk\u00e7ular Derne\u011fi\u2019ne, \u00d6zg\u00fcrl\u00fck \u0130\u00e7in Hukuk\u00e7ular Derne\u011fi\u2019ne, insan haklar\u0131 savunucular\u0131na ve avukatlara te\u015fekk\u00fcr eden Ayd\u0131n, dayan\u0131\u015fman\u0131n davan\u0131n takip edilmesi a\u00e7\u0131s\u0131ndan \u00f6nemine dikkat \u00e7ekti.<\/p>\n<p>Ard\u0131ndan Ali Ayd\u0131n\u2019\u0131n 47 y\u0131ll\u0131k m\u00fccadelesine ili\u015fkin ki\u015fisel tan\u0131kl\u0131\u011f\u0131n\u0131 anlatt\u0131.<\/p>\n<p>\u201cBen Ali Ayd\u0131n\u2019\u0131n 47 y\u0131ll\u0131k m\u00fccadelesinin birinci tan\u0131\u011f\u0131 olarak konu\u015fuyorum\u201d diyen K\u0131zbes Ayd\u0131n, e\u015finin hi\u00e7bir zaman kendisine zaman ay\u0131rmad\u0131\u011f\u0131n\u0131, b\u00fct\u00fcn zaman\u0131n\u0131 hak, hukuk ve e\u015fitlik m\u00fccadelesine verdi\u011fini s\u00f6yledi.<\/p>\n<p>\u201cSabaha kadar karakol karakol geziyordu\u201d<\/p>\n<p>K\u0131zbes Ayd\u0131n, Ali Ayd\u0131n\u2019\u0131n m\u00fccadele prati\u011fini g\u00fcndelik ya\u015fam\u0131ndan \u00f6rneklerle anlatt\u0131.<\/p>\n<p>Baz\u0131 geceler yaln\u0131zca iki-\u00fc\u00e7 saat uyudu\u011funu, \u201c\u015eu karakolda g\u00f6zalt\u0131 var, o karakolda g\u00f6zalt\u0131 var\u201d diyerek sabaha kadar karakol karakol dola\u015ft\u0131\u011f\u0131n\u0131 s\u00f6yledi.<\/p>\n<p>Bu yo\u011fun tempo nedeniyle bir g\u00fcn uykusuzluk nedeniyle kaza yapmas\u0131ndan korktu\u011funu anlatan K\u0131zbes Ayd\u0131n\u2019\u0131n s\u00f6zleri, Ali Ayd\u0131n\u2019\u0131n hak m\u00fccadelesine verdi\u011fi eme\u011fin boyutunu ortaya koydu.<\/p>\n<p>Ali Ayd\u0131n\u2019\u0131n m\u00fccadelesi, yaln\u0131zca mesleki bir faaliyet de\u011fil; gece-g\u00fcnd\u00fcz, karakol ve adliye koridorlar\u0131nda s\u00fcrd\u00fcr\u00fclen, ba\u015fkalar\u0131n\u0131n haklar\u0131n\u0131 savunmaya adanm\u0131\u015f bir ya\u015fam bi\u00e7imi olarak anlat\u0131ld\u0131.<\/p>\n<p>\u201cB\u00f6yle bir kalle\u015flikle \u00f6l\u00fcm\u00fc Ali Ayd\u0131n hak etmemi\u015fti\u201d<\/p>\n<p>K\u0131zbes Ayd\u0131n, bu m\u00fccadele nedeniyle Ali Ayd\u0131n\u2019\u0131n kar\u015f\u0131s\u0131nda bulunanlar\u0131n da dikkatini \u00e7ektiklerini belirterek, \u201cBu yolda \u00f6l\u00fcnebilir, do\u011fru. Ama b\u00f6yle bir kalle\u015flikle, b\u00f6yle bir kahpelikle \u00f6l\u00fcm\u00fc Ali Ayd\u0131n hak etmemi\u015fti\u201d dedi.<\/p>\n<p>Ali Ayd\u0131n\u2019\u0131n kendisini \u00f6ld\u00fcren ki\u015finin dahi hakk\u0131n\u0131 savunabilecek bir insan oldu\u011funu belirten K\u0131zbes Ayd\u0131n, \u201cBelki de onu katledenin bile hakk\u0131n\u0131 savunacak durumdayd\u0131\u201d ifadelerini kulland\u0131.<\/p>\n<p>\u201cBirle\u015fmezsek bu cinayetlerin sonu gelmez\u201d<\/p>\n<p>K\u0131zbes Ayd\u0131n\u2019\u0131n konu\u015fmas\u0131n\u0131n merkezinde ise \u00f6rg\u00fctl\u00fc m\u00fccadele ve dayan\u0131\u015fma \u00e7a\u011fr\u0131s\u0131 vard\u0131.<\/p>\n<p>\u201cE\u011fer biz halk olarak birle\u015fmezsek, birle\u015fik m\u00fccadeleyi \u00f6rmezsek, bu tip cinayetlerin sonu gelmez\u201d diyen Ayd\u0131n, Tahir El\u00e7i cinayetinin cezas\u0131z kalmas\u0131n\u0131n Ali Ayd\u0131n cinayetinin ya\u015fanmas\u0131na zemin haz\u0131rlayan bir \u00f6rnek oldu\u011funu s\u00f6yledi.<\/p>\n<p><strong>\u201cTahir El\u00e7i\u2019nin katilleri bulunsayd\u0131 belki bug\u00fcn Ali Ayd\u0131n \u00f6ld\u00fcr\u00fclmemi\u015f olurdu\u201d diyen K\u0131zbes Ayd\u0131n, bundan sonraki g\u00f6revin cinayeti ayd\u0131nlatman\u0131n yan\u0131 s\u0131ra ba\u015fka \u00f6l\u00fcmlerin \u00f6n\u00fcne ge\u00e7mek oldu\u011funu vurgulad\u0131.<\/strong><\/p>\n<p>\u201cArt\u0131k bizi b\u00f6l\u00fcp par\u00e7alay\u0131p y\u00f6netemesinler\u201d diyen Ayd\u0131n, birle\u015fik m\u00fccadele \u00e7a\u011fr\u0131s\u0131 yapt\u0131 ve bunun \u0130zmir\u2019den g\u00fc\u00e7l\u00fc bir dayan\u0131\u015fma hatt\u0131na d\u00f6n\u00fc\u015fmesini istedi.<\/p>\n<p>\u201cAdliyenin \u00f6n\u00fcn\u00fc kitlesel doldural\u0131m\u201d<\/p>\n<p><strong>K\u0131zbes Ayd\u0131n, 2 Eyl\u00fcl\u2019de g\u00f6r\u00fclecek duru\u015fma i\u00e7in de kitlesel kat\u0131l\u0131m \u00e7a\u011fr\u0131s\u0131nda bulundu.<\/strong><\/p>\n<p>Mahkeme salonunun dar olabilece\u011fini ve herkesin salona al\u0131namayabilece\u011fini belirten Ayd\u0131n, buna ra\u011fmen adliye \u00f6n\u00fcn\u00fcn kitlesel bi\u00e7imde doldurulmas\u0131n\u0131n \u00f6nemli oldu\u011funu s\u00f6yledi:<\/p>\n<p>\u201cAdliyenin \u00f6n\u00fcn\u00fc kitlesel doldurursak, bu i\u015fin pe\u015fini b\u0131rakmad\u0131\u011f\u0131m\u0131z\u0131 onlara anlatm\u0131\u015f oluruz.\u201d<\/p>\n<p>Cezas\u0131zl\u0131\u011f\u0131n \u00f6n\u00fcne ge\u00e7ilmeden \u00fclkede demokrasinin kurulamayaca\u011f\u0131n\u0131 belirten K\u0131zbes Ayd\u0131n, Ali Ayd\u0131n\u2019\u0131n m\u00fccadelesinin de onun ard\u0131ndan s\u00fcrd\u00fcr\u00fclece\u011fini s\u00f6yledi.<\/p>\n<p>\u201cHer emek, demokrasi, e\u015fitlik m\u00fccadelesi verenler gibi o da can\u0131n\u0131 bu yoldan esirgemedi\u201d diyen Ayd\u0131n, geriye kalan g\u00f6revin cinayetin arkas\u0131ndaki karanl\u0131\u011f\u0131 ortaya \u00e7\u0131karmak ve birle\u015fik m\u00fccadeleyi \u00f6rg\u00fctlemek oldu\u011funu ifade etti.<\/p>\n<p><strong>\u201cAli Ayd\u0131n\u2019\u0131 unutmayaca\u011f\u0131z, unutturmayaca\u011f\u0131z\u201d<\/strong><\/p>\n<p>Toplant\u0131da d\u00f6rt konu\u015fmac\u0131n\u0131n a\u00e7\u0131klamalar\u0131nda farkl\u0131 ba\u015fl\u0131klar \u00f6ne \u00e7\u0131ksa da ortak bir talep etraf\u0131nda birle\u015fildi: Ali Ayd\u0131n cinayeti b\u00fct\u00fcn y\u00f6nleriyle ara\u015ft\u0131r\u0131lmal\u0131, varsa t\u00fcm sorumluluk ili\u015fkileri ortaya \u00e7\u0131kar\u0131lmal\u0131 ve dosya cezas\u0131zl\u0131kla kapat\u0131lmamal\u0131.<\/p>\n<p>\u0130zmir Barosu Ba\u015fkan\u0131 Sefa Y\u0131lmaz, Ayd\u0131n\u2019\u0131n m\u00fccadelesinin yar\u0131nlara ta\u015f\u0131naca\u011f\u0131n\u0131 belirtirken; \u0130HD \u0130zmir \u015eubesi E\u015f Ba\u015fkan\u0131 Rodi Polat, cinayetin s\u0131radan bir adli olay olarak ele al\u0131namayaca\u011f\u0131n\u0131 ve maddi ger\u00e7e\u011fin ortaya \u00e7\u0131kar\u0131lmas\u0131 gerekti\u011fini vurgulad\u0131.<\/p>\n<p>\u0130HD Genel E\u015f Ba\u015fkan\u0131 Cihan Ayd\u0131n, insan haklar\u0131 savunucular\u0131na y\u00f6nelik cinayetlerdeki cezas\u0131zl\u0131k prati\u011fine kar\u015f\u0131 m\u00fccadeleyi b\u00fcy\u00fcteceklerini s\u00f6yledi.<\/p>\n<p>Ali Ayd\u0131n\u2019\u0131n e\u015fi K\u0131zbes Ayd\u0131n ise 47 y\u0131ll\u0131k m\u00fccadeleye ili\u015fkin tan\u0131kl\u0131\u011f\u0131n\u0131, \u201cAli Ayd\u0131n \u00f6lmedi. Hepiniz birer Ali Ayd\u0131n\u2019s\u0131n\u0131z\u201d s\u00f6zleriyle kolektif bir m\u00fccadele \u00e7a\u011fr\u0131s\u0131na d\u00f6n\u00fc\u015ft\u00fcrd\u00fc.<\/p>\n<p>Ali Ayd\u0131n\u2019\u0131n ard\u0131ndan geriye yaln\u0131zca bir cinayet dosyas\u0131 de\u011fil; 47 y\u0131ll\u0131k hak, hukuk, e\u015fitlik ve dayan\u0131\u015fma eme\u011fi kald\u0131. Ailesi, meslekta\u015flar\u0131 ve insan haklar\u0131 \u00f6rg\u00fctleri, bu eme\u011fin cezas\u0131zl\u0131kla ve unutulmayla kar\u015f\u0131 kar\u015f\u0131ya b\u0131rak\u0131lmamas\u0131 i\u00e7in m\u00fccadele edeceklerini belirtti.<\/p>\n<p><strong>Ali Ayd\u0131n cinayetinin ilk duru\u015fmas\u0131 2 Eyl\u00fcl \u00c7ar\u015famba g\u00fcn\u00fc saat 09.30\u2019da Kar\u015f\u0131yaka 1. A\u011f\u0131r Ceza Mahkemesi\u2019nde g\u00f6r\u00fclecek.<\/strong><\/p>\n","protected":false},"excerpt":{"rendered":"<p>&nbsp; Ali Ayd\u0131n davas\u0131 \u00f6ncesi ortak \u00e7a\u011fr\u0131: \u201cCezas\u0131zl\u0131\u011fa izin vermeyece\u011fiz, hakikat ortaya \u00e7\u0131kana kadar m\u00fccadele edece\u011fiz\u201d \u0130nsan haklar\u0131 savunucusu ve \u00f6nceki d\u00f6nem \u0130nsan Haklar\u0131 Derne\u011fi (\u0130HD) \u0130zmir \u015eubesi E\u015f Ba\u015fkan\u0131 avukat Ali Ayd\u0131n\u2019\u0131n 14 Ocak 2026\u2019da sabah y\u00fcr\u00fcy\u00fc\u015f\u00fc yapt\u0131\u011f\u0131 s\u0131rada \u00f6ld\u00fcr\u00fclmesine ili\u015fkin davan\u0131n ilk duru\u015fmas\u0131 2 Eyl\u00fcl \u00c7ar\u015famba g\u00fcn\u00fc saat 09.30\u2019da Kar\u015f\u0131yaka 1. A\u011f\u0131r Ceza &hellip; <\/p>\n<p><a class=\"more-link btn\" href=\"https:\/\/www.imece-der.com\/?p=7179\">Continue reading<\/a><\/p>\n","protected":false},"author":1,"featured_media":0,"comment_status":"open","ping_status":"open","sticky":false,"template":"","format":"standard","meta":[],"categories":[1],"tags":[],"_links":{"self":[{"href":"https:\/\/www.imece-der.com\/index.php?rest_route=\/wp\/v2\/posts\/7179"}],"collection":[{"href":"https:\/\/www.imece-der.com\/index.php?rest_route=\/wp\/v2\/posts"}],"about":[{"href":"https:\/\/www.imece-der.com\/index.php?rest_route=\/wp\/v2\/types\/post"}],"author":[{"embeddable":true,"href":"https:\/\/www.imece-der.com\/index.php?rest_route=\/wp\/v2\/users\/1"}],"replies":[{"embeddable":true,"href":"https:\/\/www.imece-der.com\/index.php?rest_route=%2Fwp%2Fv2%2Fcomments&post=7179"}],"version-history":[{"count":2,"href":"https:\/\/www.imece-der.com\/index.php?rest_route=\/wp\/v2\/posts\/7179\/revisions"}],"predecessor-version":[{"id":7185,"href":"https:\/\/www.imece-der.com\/index.php?rest_route=\/wp\/v2\/posts\/7179\/revisions\/7185"}],"wp:attachment":[{"href":"https:\/\/www.imece-der.com\/index.php?rest_route=%2Fwp%2Fv2%2Fmedia&parent=7179"}],"wp:term":[{"taxonomy":"category","embeddable":true,"href":"https:\/\/www.imece-der.com\/index.php?rest_route=%2Fwp%2Fv2%2Fcategories&post=7179"},{"taxonomy":"post_tag","embeddable":true,"href":"https:\/\/www.imece-der.com\/index.php?rest_route=%2Fwp%2Fv2%2Ftags&post=7179"}],"curies":[{"name":"wp","href":"https:\/\/api.w.org\/{rel}","templated":true}]}}